{"id":2548,"date":"2022-09-22T05:56:32","date_gmt":"2022-09-22T05:56:32","guid":{"rendered":"http:\/\/spectrumhouse.com.tr\/?p=2548"},"modified":"2024-11-10T22:53:24","modified_gmt":"2024-11-10T19:53:24","slug":"perceptions-and-attitudes-of-kurdish-generation-z-towards-asylum-seekers-and-refugees","status":"publish","type":"post","link":"https:\/\/spectrumhouse.com.tr\/en\/perceptions-and-attitudes-of-kurdish-generation-z-towards-asylum-seekers-and-refugees\/","title":{"rendered":"Perceptions and Attitudes of Kurdish Generation Z Towards Asylum Seekers and Refugees"},"content":{"rendered":"\r\n<h2 class=\"wp-block-heading\">INTRODUCTION<\/h2>\r\n\r\n\r\n\r\n<p>Increasing poverty, economic and environmental factors due to ongoing war and conflict conditions in several regions of the world result in major population movements and displacements. Internal conflicts in the Middle East and especially in Syria in 2011 have caused significant political, social, economic and cultural changes in this region, most notably in Turkey and in many parts of the world. These dynamics which resulted in major population movements and displacements have a significant impact on the political and social structure of Turkey and become a new sociological phenomenon.<\/p>\r\n\r\n\r\n\r\n<p>The present study was conducted as a follow up on our research between the dates of 20.12.2021-10.01.2022 and focused on measuring social, political, economic and cultural trends in the Kurdish generation Z and on their future plans, worries and satisfaction levels. This part of our study focuses on measuring perceptions and attitudes of the Kurdish generation Z towards asylum seekers and refugees and underlying factors of these dynamics.<\/p>\r\n\r\n\r\n\r\n<p>This study which is synthesized with the field data of our previous Kurdish generation Z study is supported by similar studies and premier sources and focuses on the dynamics that shape the view of the members of this generation on \u201cforeigners\u201d , \u201cothers\u201d within the context of refugees and asylum seekers and seeks to reveal social, cultural and psychological background of these groups\u2019 interests, perceptions and attitudes. The study findings are examined in 5 main categories in questions about asylum seekers and refugees: 1- Residence permit, 2-Economic impact, 3-Repatriation, 4-Citizenship and 5-Social relationships.<\/p>\r\n\r\n\r\n\r\n<p>Our present study which is supported by field data is neither an asylum seeker and refugee barometer nor a study specifically focused on Syrians. We believe that understanding the attitudes of the Kurdish generation Z concerning legal status, co-existence, integration, repatriation or \u201cforeigner\u201d label of the refugees and asylum seekers who have migrated\/have been forced to migrate to Turkey for a variety of reasons is important to build the future.<\/p>\r\n\r\n\r\n\r\n<p>Members of the Kurdish generation Z which constitute the most dynamic groups of the Kurdish society and the country is a group that has experienced village evacuations and forced migration. The perceptions and attitudes of the Kurdish generation Z towards refugees and asylum seekers who have gone through similar displacement ordeals despite for different reasons are shaped by the effect of the general perspective about these people in the country. This is an important parameter for building future in Turkey.<\/p>\r\n\r\n\r\n\r\n<p>We hope that this present survey report will contribute to understanding both how the Kurdish generation Z approaches to the issue of refugees and asylum seekers, a new social reality in the country in their future plans and the underlying factors.<\/p>\r\n\r\n\r\n\r\n<p>We would like to thank to our team who provided guidance, coordinated face to face interviews and to everyone who supported and guided us with their ideas from the beginning to the end. We would also like to thank the members of the Kurdish generation Z who participated in our study and answered patiently to our questions.<\/p>\r\n\r\n\r\n\r\n<h2 class=\"wp-block-heading\">EXECUTIVE SUMMARY<\/h2>\r\n\r\n\r\n\r\n<p>As of August 2022, there are approximately 4 million asylum seekers and refugees in Turkey, most of them from Syria who have different statuses such as temporary protection, international protection and conditional refugee (UNHCR, 2022). This report investigates the perceptions and attitudes of the Kurdish generation Z towards asylum seekers and refugees who remain in Turkey or are waiting to be relocated in a third country as a result of conflicts and socio-economic difficulties in their home countries. During interviews conducted face to face with 1,002 young people between the ages of 18-25 who live in Diyarbak\u0131r, Van, \u015e\u0131rnak, \u0130zmir and Istanbul, the respondents were asked questions about granting residence permits to asylum seekers and refugees in Turkey, the impact of asylum seekers and refugees on the Turkish economy, granting citizenships to asylum seekers and refugees and social relations they can build with asylum seekers and refugees.<\/p>\r\n\r\n\r\n\r\n<p>The findings of this study demonstrate that respondents of Kurdish Generation Z generally have a negative perception and attitude towards asylum seekers and refugees and the underlying reasons are both the opinion of the general public on asylum seekers and refugees in the country and difficult sociopolitical and socioeconomic conditions of the respondents. Factors including internal migration experience, living in socio-economically developed cities developed with high sociocultural awareness and high level of education have a relatively positive effect on the perception and attitude towards asylum seekers and refugees. On the other hand, female respondents have a less negative attitude compared to male respondents. A majority of the respondents do not prioritize \u201cright based approach\u201d about the rights of asylum seekers and refugees, which suggests a worrying trend. On the other hand those who support the rights of asylum seekers and refugees generally have a consistent and holistic approach and include all the above rights.<\/p>\r\n\r\n\r\n\r\n<p>Those who report that they don\u2019t belong to a religion support the rights of asylum seekers and refugees more compared to those who report that they belong to a religion (majority of respondents in this group claim that they are Muslims). Here, the equation of ensar-muhacir (ensar\u201d meaning citizens from Medina who helped Muhammad and his companions and \u201cmuhacir\u201d meaning immigrant) used by the government for Syrian refugees does not seem to resonate among the Kurdish generation Z.<\/p>\r\n\r\n\r\n\r\n<p>The present study presents findings similar to previous studies and research on the Generation Z in Turkey and respondents in this study see asylum seekers and respondents as a risk or threat for employment opportunities, peace and wealth of the society in the country and explain it with false facts, which all show that adjectives used for the Generation Z such as \u201cfreedom-lover\u201d, \u201copen minded\u201d and \u201ccreative\u201d do not apply when it comes to asylum seekers and refugees.<\/p>\r\n\r\n\r\n\r\n<p>Finally based on the study findings and evaluation of these findings, the report makes some recommendations to the government, opposition parties, local and international nongovernmental organizations, humanitarian aid organizations, public and policy makers.<\/p>\r\n\r\n\r\n\r\n<h2 class=\"wp-block-heading\">Background<\/h2>\r\n\r\n\r\n\r\n<p>According to the data of the Office of the United Nations High Commissioner for Refugees (UNHCR) there are four million asylum seekers and refugees registered in Turkey as of March 2020. There are 3.7 million Syrians, 167,325 Iraqis, 129,323 Afghans and 24,300 Iranians in this population (UNHCR, 2022). One of the most important problems, after civil war and poverty, faced by refugees and asylum seekers in Turkey from various countries most notably Syria and Afghanistan is the racist and hostile attitude (Duman, 2022)which also includes direct (physical and\/or psychological), structural and cultural\/symbolic violence from local communities and politicians (Galtung, 1990).Although the local community and refugees and asylum seekers have common personal and collective needs and problems, the economic crisis, polarization, upcoming elections and prolonged stay of refugees and asylum seekers in the country and arrival of new ones in the country result in worsening of existing attitudes of the public towards these groups.<\/p>\r\n\r\n\r\n\r\n<p>Available studies demonstrate that local communities avoid having any relation or contact with refugees, object to their citizenship and believe that they should be returned\/repatriated to their countries or sent to a third country as soon as possible or when the war is over and that they damage the Turkish economy and social values (Erdo\u011fan, 2020; \u015ear and Kuru, 2020; Duman, 2021a; Ruhavio\u011flu et al., 2022).<\/p>\r\n\r\n\r\n\r\n<p>Compared to 27 EU countries Turkey has the highest percentage of young population in Europe (T\u00dc\u0130K, 2022). Young Kurdish generation, which represents one of the most important section of the young generation in Turkey is one of the most important building stones to understand youth dynamism in the country. According to the TUIK data, the total population of Turkey as of 2021 was 84 million 680 thousand 273 and the young population between the ages of 15-24 was 12 million 971 thousand 289. Based on this data, young population represents 15.3 percent of the total population. According to the results of the Address Based Population Registration System (ADNKS) the top three cities with the highest percentage of young population is Hakkari with 22.8 percent, \u015e\u0131rnak with 22.1% and Siirt with 21.8% where the majority of the population is Kurdish. The cities with the highest young population percentages include cities with higher Kurdish population such as A\u011fr\u0131, Mu\u015f, Van, Batman, Bitlis, Mardin, Urfa, I\u011fd\u0131r, Erzurum, Diyarbak\u0131r, Kars, Bing\u00f6l, Antep and Ad\u0131yaman. The percentage of young population between the ages of 15-24 in 18 cities with a high Kurdish population is 28.1 percent while this percentage is 22.4% in other cities in Turkey.<\/p>\r\n\r\n\r\n\r\n<p>This study investigates the perceptions of the Kurdish generation Z about migration and settlement of refugees and asylum seekers who come to Turkey due to socioeconomic problems and armed conflicts in their country, about sending back refugees and asylum seekers whose lives known to be under threat; about allowing citizenships to those who have been in Turkey temporarily under different statuses and about relationships they can build with refugees and asylum seekers and socioeconomic, sociopolitical and socio-psychological factors that may be related with these perceptions.<\/p>\r\n\r\n\r\n\r\n<h2 class=\"wp-block-heading\">Studies on the Generation Z in Turkey<\/h2>\r\n\r\n\r\n\r\n<p>While recent public opinion surveys about the Generation Z<sup><a href=\"#footnote-002\">1<\/a>,<a href=\"#footnote-001\">2<\/a><\/sup>\u00a0investigate the perspective of this generation on the business world, future concerns and general discrimination (Deloitte, 2021) and which parties they tend to support (ORC, 2022), thesis and dissertation papers of master and doctorate students examine this generation from a wider angle. This wider angle includes consumption habits including social media use, perception of religion, work life, leadership, satisfaction in life-future concerns and career perspectives. There are limited number of studies that investigate the opinion of the generation Z on the refugees and asylum seekers. The study of Y\u0131lmaz and G\u00fcler in (2020a) which investigated the opinion of the generation Z on the employment of refugees in the country, majority of the respondents considered employment of refugees as a worrying factor since they thought that employment of especially young Syrian refugees lowers their chance of being employed and increases the competition. Another study conducted by them in the same year found that majority of the respondents did not support Syrians coming and living in Turkey (76%) and believed that the policies about this issue were inadequate (76.3%), that Syrians disrupt the social structure in the country (82.4%) and Syrians have privileges in terms of social rights (78.2%) (Y\u0131lmaz and G\u00fcler, 2020b). Konrad-Adenauer-Stiftung\u2019s (KAS, 2022) study demonstrated that majority of the respondents did not think that the government\u2019s refugee policy was right (80.4%), believed that Syrians should be sent back (76.7%) and if Syrians stayed in Turkey, they would not adapt to the life in Turkey due to the differences in culture and life style. In the same study, approximately one fourth of the respondents believed that Syrians should be helped only in healthcare and food and no help should be provided for other areas (26.6%) and believed that refugees from other countries, especially from Syria caused unemployment (25.1%) in the country (KAS, 2022). Finally in the Varkey Foundation\u2019s research on the generation Z, one third of the respondents (31%) believed that conditions for the \u2018legal\u2019 refugees to come to Turkey and work here should be made more stringent and limiting (Broadbent et al., 2017). On the other hand, approximately one fourth of the respondents (23%) think that this process should be made easier (Varkey Foundation, 2017). The same study shows that almost half of the respondents (49%) believed that Turkey does the best it can for the \u201cglobal migration crisis (Broadbent et al., 2017).<\/p>\r\n\r\n\r\n\r\n<p>Based on the limited number of studies that investigate perceptions and attitudes of the generation Z towards refugees and asylum seekers, there are some points worth mentioning. Contrary to the available global or multinational studies (sparks&amp;honey, 2020; Deloitte, 2022) this study shows that members of the generation Z in Turkey mostly ignore cultural differences and inclusivity at work and in social life when it comes to refugees and asylum seekers. Additionally we can also see that the generation Z in Turkey typically have a negative attitude towards the presence of asylum seekers and refugees in Turkey and think that they should be sent back to Syria or sent to another country as soon as possible regardless of whether such refugees and asylum seekers are \u201clegally\u201d in Turkey.<\/p>\r\n\r\n\r\n\r\n<p>The present study uses the data about refugees and asylum seekers collected with the Kurdish Generation Z study (Spectrum House, 2022) which we, Spectrum House published and intends to investigate perceptions and attitudes of the respondents towards refugees and asylum seekers and makes contributions to this subject. First of all, the majority of the studies conducted in Turkey consider Generation Z members as homogenous contrary to the real situation in the society. This study investigates perceptions and attitudes of the Kurdish society which is a minority group that has been subject to several discriminatory policies and practices and racist attitudes, towards refugees and asylum seekers who are also subject to similar discriminatory and racist policies, practices and attitudes. While doing this, this study acknowledges that the Kurdish society has a heterogeneous structure. Furthermore, a significant part of the available studies are interested on finding out what the respondents think about certain subjects. The present study intends to determine which political, economic, social and psychological factors could be related to the perceptions and attitudes of the respondents.<\/p>\r\n\r\n\r\n\r\n<h2 class=\"wp-block-heading\">Method<\/h2>\r\n\r\n\r\n\r\n<p>In this study, we conducted a survey with 1,002 young people between the ages of 18-25 who identify themselves as Kurdish in 28 sampling region in Diyarbak\u0131r, Van and \u015e\u0131rnak which are the three Kurdish cities with the youngest population and Izmir and Istanbul. The face to face survey was done using printed questionnaire forms and smart devices between the dates of 20th of December &#8211; 10th of January 2022 according to the Nomenclature of Territorial Units for Statistics (NUTS2). The margin of error for the study findings is +\/\u22121.7 with a confidence interval of 95 percent. The respondents in this study were informed that they would fill out a questionnaire about the opinions of the Kurdish generation Z, that the participation was completely voluntary, that they could end the questionnaire whenever they wanted and all the information provided would be kept confidential and would never be disclosed to third parties and no identity information would be required and confidentiality was essential during the survey.<\/p>\r\n\r\n\r\n\r\n<p>In addition to questions about demographics such as age, gender, education, income level, employment status, religion and language spoken at home (see Table 1), the following questions were also asked. Some of these were open ended question, while others were closed ended (yes\/no) and scale based questions (on a scale of 1 to 5).<\/p>\r\n\r\n\r\n\r\n<p>Questions about refugees and asylum seekers were designed to investigate perceptions and attitudes of the respondents towards refugees and asylum seekers in five main areas. In the first two of these questions, the respondents were asked \u2018why\u2019 to explain the underlying reasons for their answers.<\/p>\r\n\r\n\r\n\r\n<ul class=\"wp-block-list\">\r\n<li><em>Should people with low socioeconomic status and\/or coming from conflict zones be\u00a0<\/em><em>allowed to settle in Turkey as refugees or asylum seekers? (1 = should never be allowed, 5= should always be allowed).<\/em><\/li>\r\n<li><em>Would it be generally bad or good for the Turkish economy if people with low socioeconomic status and\/or coming from conflict zones are allowed to settle in Turkey as refugees or asylum seekers? (1 = Very Bad \u2013 5 = Very Good )<\/em><\/li>\r\n<li><em>According to the 1951 Geneva Convention signed also by Turkey, refugees should not be returned to a country where they face serious threats to their life or freedom. Do you think refugees\/asylum seekers meeting this definition in Turkey (Syrians, Afghans, Iraqis, Iranians, Somalis etc.) should be returned to their countries despite the convention?(1= must be returned &#8211; 5-must never be returned).<\/em><\/li>\r\n<li><em>According to the UNHCR statistics, a majority of refugees and asylum seekers who settle in other countries due to forced migration remain in these countries. Should citizenship be granted to all the refugees in Turkey under temporary protection and international protection? (a-citizenship should be granted to none, b-citizenship should only be granted to those with good education, c -citizenship should only be granted to those who can make investments, d-citizenship should be granted to all of them)<\/em><\/li>\r\n<li><em>What kind of relationship do you think you can build with the refugees in Turkey (a-close friendship, b-neighbour, c-romantic relationship, d-marriage, e-roommate, f-colleague). The number of social relationship forms was added together to calculate respondents\u2019 scores for \u201csocial intimacy\u201d between 0-6.<\/em><\/li>\r\n<\/ul>\r\n\r\n\r\n\r\n<p>The basic questions included in the questionnaire which we believe to help explain the perceptions and attitudes of respondents towards asylum seekers and refugees are listed below. All of the answers given to these questions were shared in our previously published report titled Kurdish generation Z (Spectrum House, 2022); this present study focuses on understanding the relationship between these answers with the answers to the above questions about refugees and asylum seekers.<\/p>\r\n\r\n\r\n\r\n<ul class=\"wp-block-list\">\r\n<li><em>How satisfied are you with your life these days?<\/em><em>\u00a0(1-Not satisfied &#8211; 5= very satisfied)<\/em><\/li>\r\n<li><em>How satisfied are you with the city you live in? (1-Not satisfied &#8211; 5= very satisfied)<\/em><\/li>\r\n<li><em>Can you please rate your trust in the following institutions? (a-Presidency, b-TBMM, c-Justice system, d-Army, e-Political Parties, f-Municipality, g-Academia\/Universities, h-Science Board, i-EU, j-UN, k-ECHR). The number of chosen institutions was added together to calculate the \u201ctrust in institutions\u201d score of each respondent between 0 &#8211; 13.<\/em><\/li>\r\n<li><em>Which of the following is the biggest reason for insecurity for you? (a-Unemployment, b-Health issues, c-Future worries about the country, d-personal future worries, e-Environmental problems\/climate change, f-Not being able to have a good education, g- Refugees in Turkey and refugees coming to Turkey, h-Economic crisis). The number of chosen factors was added together to calculate the \u201csocioeconomic insecurity\u201d score of each respondent ranging between 0 &#8211; 8.<\/em><\/li>\r\n<li><em>Which of the following is a bigger source of worry for you? (a-Social polarization, b-Racism, c-Sexual harassment, d-Femicide, e-Famine, f-Wars and conflicts, g-Military tutelage, h-Civilian tutelage). The number of chosen factors was added together to calculate the respondents\u2019 \u201csociopathic worry\u201d score between 0-9 were calculated.<\/em><\/li>\r\n<li><em>Do you think there is discrimination in the country? (Yes\/No)<\/em><\/li>\r\n<li><em>Because of your identity, do you feel that you belong to a group which is discriminated or abused in the country? (Yes\/No)<\/em><\/li>\r\n<li><em>Why are you being discriminated? (a-Ethnical identity, b-Religion, c-Language, d-Economic status, e-Age, f-Gender, g-Sexual orientation, h-Visible or invisible disability). The number of chosen factors was added together and the respondents\u2019 \u201cdiscrimination\u201d score between 0-8 were calculated.<\/em><\/li>\r\n<li><em>In which of the following institutions do you think there is systematic discrimination (a-General public, b-Media, c-Army, d-Police force, e-Courts, f-Municipality, g-Governorship, h-Workplace, i-School\/University, j-Political parties, k-NGOs). The number of chosen factors was added together to calculate respondents\u2019\u2019 \u201cinstitutional discrimination\u201d score between 0-12 were calculated.<\/em><\/li>\r\n<li><em>How interested are you in politics? (1-Not interested- 5= very interested)<\/em><\/li>\r\n<li><em>How satisfied are you with the way democracy works in Turkey? (1-Not satisfied &#8211; 5= very satisfied)<\/em><\/li>\r\n<\/ul>\r\n\r\n\r\n\r\n<p>The respondents\u2019 perceptions and attitudes towards refugees and asylum seekers and potential related factors are explained under the section \u2018findings\u2019 with cross tables and correlation analyses.<\/p>\r\n\r\n\r\n\r\n<p>When we look at the below given demographic information, the majority of the respondents are high school or university graduates, their monthly income is low and a significant percentage of the respondents work and study. Similarly a majority of the respondents report that they belong to a religion (67.3% Muslim, 1.1% Alawite and one out of three in the remaining respondents chose Zarathustrian, Christian and Yezidi) and the remaining respondents (23.9%) report that they do not belong to a religion. Finally, most of the respondents report that they speak Turkish and\/or Arabic in their homes in addition to Kurdish.<\/p>\r\n\r\n\r\n\r\n<p>Demographic Information of the Respondents<\/p>\r\n\r\n\r\n\r\n<figure class=\"wp-block-image size-large\"><img fetchpriority=\"high\" fetchpriority=\"high\" decoding=\"async\" width=\"1024\" height=\"616\" class=\"wp-image-2549\" src=\"http:\/\/spectrumhouse.com.tr\/wp-content\/uploads\/2022\/09\/KU\u0308RT_Z_KUS\u0327AG\u0306I_-_GOCMENLER-EN-1-1024x616.png\" alt=\"\" srcset=\"https:\/\/spectrumhouse.com.tr\/en\/wp-content\/uploads\/2022\/09\/KU\u0308RT_Z_KUS\u0327AG\u0306I_-_GOCMENLER-EN-1-1024x616.png 1024w, https:\/\/spectrumhouse.com.tr\/en\/wp-content\/uploads\/2022\/09\/KU\u0308RT_Z_KUS\u0327AG\u0306I_-_GOCMENLER-EN-1-300x180.png 300w, https:\/\/spectrumhouse.com.tr\/en\/wp-content\/uploads\/2022\/09\/KU\u0308RT_Z_KUS\u0327AG\u0306I_-_GOCMENLER-EN-1-768x462.png 768w, https:\/\/spectrumhouse.com.tr\/en\/wp-content\/uploads\/2022\/09\/KU\u0308RT_Z_KUS\u0327AG\u0306I_-_GOCMENLER-EN-1-1536x924.png 1536w, https:\/\/spectrumhouse.com.tr\/en\/wp-content\/uploads\/2022\/09\/KU\u0308RT_Z_KUS\u0327AG\u0306I_-_GOCMENLER-EN-1-2048x1232.png 2048w\" sizes=\"(max-width: 1024px) 100vw, 1024px\" \/><\/figure>\r\n\r\n\r\n\r\n<figure class=\"wp-block-image size-large\"><img decoding=\"async\" width=\"1024\" height=\"684\" class=\"wp-image-2550\" src=\"http:\/\/spectrumhouse.com.tr\/wp-content\/uploads\/2022\/09\/KU\u0308RT_Z_KUS\u0327AG\u0306I_-_GOCMENLER-EN-2-1024x684.png\" alt=\"\" srcset=\"https:\/\/spectrumhouse.com.tr\/en\/wp-content\/uploads\/2022\/09\/KU\u0308RT_Z_KUS\u0327AG\u0306I_-_GOCMENLER-EN-2-1024x684.png 1024w, https:\/\/spectrumhouse.com.tr\/en\/wp-content\/uploads\/2022\/09\/KU\u0308RT_Z_KUS\u0327AG\u0306I_-_GOCMENLER-EN-2-300x200.png 300w, https:\/\/spectrumhouse.com.tr\/en\/wp-content\/uploads\/2022\/09\/KU\u0308RT_Z_KUS\u0327AG\u0306I_-_GOCMENLER-EN-2-768x513.png 768w, https:\/\/spectrumhouse.com.tr\/en\/wp-content\/uploads\/2022\/09\/KU\u0308RT_Z_KUS\u0327AG\u0306I_-_GOCMENLER-EN-2-1536x1026.png 1536w, https:\/\/spectrumhouse.com.tr\/en\/wp-content\/uploads\/2022\/09\/KU\u0308RT_Z_KUS\u0327AG\u0306I_-_GOCMENLER-EN-2-2048x1368.png 2048w\" sizes=\"(max-width: 1024px) 100vw, 1024px\" \/><\/figure>\r\n\r\n\r\n\r\n<figure class=\"wp-block-image size-large\"><img decoding=\"async\" width=\"1024\" height=\"723\" class=\"wp-image-2551\" src=\"http:\/\/spectrumhouse.com.tr\/wp-content\/uploads\/2022\/09\/KU\u0308RT_Z_KUS\u0327AG\u0306I_-_GOCMENLER-EN-3-1024x723.png\" alt=\"\" srcset=\"https:\/\/spectrumhouse.com.tr\/en\/wp-content\/uploads\/2022\/09\/KU\u0308RT_Z_KUS\u0327AG\u0306I_-_GOCMENLER-EN-3-1024x723.png 1024w, https:\/\/spectrumhouse.com.tr\/en\/wp-content\/uploads\/2022\/09\/KU\u0308RT_Z_KUS\u0327AG\u0306I_-_GOCMENLER-EN-3-300x212.png 300w, https:\/\/spectrumhouse.com.tr\/en\/wp-content\/uploads\/2022\/09\/KU\u0308RT_Z_KUS\u0327AG\u0306I_-_GOCMENLER-EN-3-768x542.png 768w, https:\/\/spectrumhouse.com.tr\/en\/wp-content\/uploads\/2022\/09\/KU\u0308RT_Z_KUS\u0327AG\u0306I_-_GOCMENLER-EN-3-1536x1085.png 1536w, https:\/\/spectrumhouse.com.tr\/en\/wp-content\/uploads\/2022\/09\/KU\u0308RT_Z_KUS\u0327AG\u0306I_-_GOCMENLER-EN-3-2048x1446.png 2048w\" sizes=\"(max-width: 1024px) 100vw, 1024px\" \/><\/figure>\r\n\r\n\r\n\r\n<figure class=\"wp-block-image size-large\"><img loading=\"lazy\" loading=\"lazy\" decoding=\"async\" width=\"1024\" height=\"789\" class=\"wp-image-2552\" src=\"http:\/\/spectrumhouse.com.tr\/wp-content\/uploads\/2022\/09\/KU\u0308RT_Z_KUS\u0327AG\u0306I_-_GOCMENLER-EN-4-1024x789.png\" alt=\"\" srcset=\"https:\/\/spectrumhouse.com.tr\/en\/wp-content\/uploads\/2022\/09\/KU\u0308RT_Z_KUS\u0327AG\u0306I_-_GOCMENLER-EN-4-1024x789.png 1024w, https:\/\/spectrumhouse.com.tr\/en\/wp-content\/uploads\/2022\/09\/KU\u0308RT_Z_KUS\u0327AG\u0306I_-_GOCMENLER-EN-4-300x231.png 300w, https:\/\/spectrumhouse.com.tr\/en\/wp-content\/uploads\/2022\/09\/KU\u0308RT_Z_KUS\u0327AG\u0306I_-_GOCMENLER-EN-4-768x592.png 768w, https:\/\/spectrumhouse.com.tr\/en\/wp-content\/uploads\/2022\/09\/KU\u0308RT_Z_KUS\u0327AG\u0306I_-_GOCMENLER-EN-4-1536x1184.png 1536w, https:\/\/spectrumhouse.com.tr\/en\/wp-content\/uploads\/2022\/09\/KU\u0308RT_Z_KUS\u0327AG\u0306I_-_GOCMENLER-EN-4-2048x1578.png 2048w\" sizes=\"auto, (max-width: 1024px) 100vw, 1024px\" \/><\/figure>\r\n\r\n\r\n\r\n<figure class=\"wp-block-image size-large\"><img loading=\"lazy\" loading=\"lazy\" decoding=\"async\" width=\"1024\" height=\"698\" class=\"wp-image-2553\" src=\"http:\/\/spectrumhouse.com.tr\/wp-content\/uploads\/2022\/09\/KU\u0308RT_Z_KUS\u0327AG\u0306I_-_GOCMENLER-EN-5-1024x698.png\" alt=\"\" srcset=\"https:\/\/spectrumhouse.com.tr\/en\/wp-content\/uploads\/2022\/09\/KU\u0308RT_Z_KUS\u0327AG\u0306I_-_GOCMENLER-EN-5-1024x698.png 1024w, https:\/\/spectrumhouse.com.tr\/en\/wp-content\/uploads\/2022\/09\/KU\u0308RT_Z_KUS\u0327AG\u0306I_-_GOCMENLER-EN-5-300x205.png 300w, https:\/\/spectrumhouse.com.tr\/en\/wp-content\/uploads\/2022\/09\/KU\u0308RT_Z_KUS\u0327AG\u0306I_-_GOCMENLER-EN-5-768x524.png 768w, https:\/\/spectrumhouse.com.tr\/en\/wp-content\/uploads\/2022\/09\/KU\u0308RT_Z_KUS\u0327AG\u0306I_-_GOCMENLER-EN-5-1536x1048.png 1536w, https:\/\/spectrumhouse.com.tr\/en\/wp-content\/uploads\/2022\/09\/KU\u0308RT_Z_KUS\u0327AG\u0306I_-_GOCMENLER-EN-5-2048x1397.png 2048w\" sizes=\"auto, (max-width: 1024px) 100vw, 1024px\" \/><\/figure>\r\n\r\n\r\n\r\n<figure class=\"wp-block-image size-large\"><img loading=\"lazy\" loading=\"lazy\" decoding=\"async\" width=\"1024\" height=\"732\" class=\"wp-image-2555\" src=\"http:\/\/spectrumhouse.com.tr\/wp-content\/uploads\/2022\/09\/KU\u0308RT_Z_KUS\u0327AG\u0306I_-_GOCMENLER-EN-6-1024x732.png\" alt=\"\" srcset=\"https:\/\/spectrumhouse.com.tr\/en\/wp-content\/uploads\/2022\/09\/KU\u0308RT_Z_KUS\u0327AG\u0306I_-_GOCMENLER-EN-6-1024x732.png 1024w, https:\/\/spectrumhouse.com.tr\/en\/wp-content\/uploads\/2022\/09\/KU\u0308RT_Z_KUS\u0327AG\u0306I_-_GOCMENLER-EN-6-300x214.png 300w, https:\/\/spectrumhouse.com.tr\/en\/wp-content\/uploads\/2022\/09\/KU\u0308RT_Z_KUS\u0327AG\u0306I_-_GOCMENLER-EN-6-768x549.png 768w, https:\/\/spectrumhouse.com.tr\/en\/wp-content\/uploads\/2022\/09\/KU\u0308RT_Z_KUS\u0327AG\u0306I_-_GOCMENLER-EN-6-1536x1097.png 1536w, https:\/\/spectrumhouse.com.tr\/en\/wp-content\/uploads\/2022\/09\/KU\u0308RT_Z_KUS\u0327AG\u0306I_-_GOCMENLER-EN-6-2048x1463.png 2048w\" sizes=\"auto, (max-width: 1024px) 100vw, 1024px\" \/><\/figure>\r\n\r\n\r\n\r\n<h2 class=\"wp-block-heading\">FINDINGS<\/h2>\r\n\r\n\r\n\r\n<p>The study findings are examined in 5 main categories using the questions about asylum seekers and refugees: residence permit, economic impact, repatriation, citizenship and social relations.<\/p>\r\n\r\n\r\n\r\n<h2 class=\"wp-block-heading\">1 &#8211; Residence permit<\/h2>\r\n\r\n\r\n\r\n<p>In the following charts, when we look at the answers of the respondents about granting residence permits to refugees and asylum seekers in Turkey depending on the variables; the city they live in, gender, education level and religious identity, we see that the respondents generally have a negative attitude. While some of the respondents who answer that they should not be granted residence permit gave the reasons included in Table 1 for their answers. According to the direct statements of the respondents, refugees and asylum seekers are mostly perceived as one of the reasons for economic problems and unemployment, increased crime rates, disturbed peace and social structure and insecurity. Additionally the answers of some of the respondents show that they have an attitude that dehumanizes refugees and asylum seekers. There are even respondents who define refugees and asylum seekers as a \u201cdirty and aggressive\u201d, \u201csavage and damaging\u201d, \u201chorny (for men)\u201d , \u201cinvading\u201d group. Another group of respondents have such negative perception about refugees and asylum seekers that they outright say that they \u201cdo not like\u201d them and even \u201chate\u201d them.<\/p>\r\n\r\n\r\n\r\n<figure id=\"table001\" class=\"wp-block-table\">\r\n<table>\r\n<tbody>\r\n<tr>\r\n<td><strong>Table 1. Short answers of the respondents to the question asking why refugees and asylum seekers should not be allowed to come and settle in Turkey.<\/strong><\/td>\r\n<\/tr>\r\n<tr>\r\n<td><em>They disturb people.<\/em><\/td>\r\n<td><em>We are already highly populated.<\/em><\/td>\r\n<\/tr>\r\n<tr>\r\n<td><em>Their crime rates tell everything.<\/em><\/td>\r\n<td><em>Unemployment rates will increase.<\/em><\/td>\r\n<\/tr>\r\n<tr>\r\n<td><em>Life in Turkey is already hard.<\/em><\/td>\r\n<td><em>We are afraid that they take our living spaces from us.<\/em><\/td>\r\n<\/tr>\r\n<tr>\r\n<td><em>There is no need.<\/em><\/td>\r\n<td><em>Their men are horny.<\/em><\/td>\r\n<\/tr>\r\n<tr>\r\n<td><em>Crime rates will increase.<\/em><\/td>\r\n<td><em>I don\u2019t want.<\/em><\/td>\r\n<\/tr>\r\n<tr>\r\n<td><em>They use up the resources.<\/em><\/td>\r\n<td><em>What good would they bring when they leave and run away from their own country?<\/em><\/td>\r\n<\/tr>\r\n<tr>\r\n<td><em>They are savages and damage things.<\/em><\/td>\r\n<td><em>Their population is too high.<\/em><\/td>\r\n<\/tr>\r\n<tr>\r\n<td><em>We are afraid.<\/em><\/td>\r\n<td><em>The war in their country has ended.<\/em><\/td>\r\n<\/tr>\r\n<tr>\r\n<td><em>They do not belong here.<\/em><\/td>\r\n<td><em>I don\u2019t like them.<\/em><\/td>\r\n<\/tr>\r\n<tr>\r\n<td><em>They are a burden to our economy.<\/em><\/td>\r\n<td><em>Our future is in danger.<\/em><\/td>\r\n<\/tr>\r\n<tr>\r\n<td><em>Our country is full, I don\u2019t want any more of them.<\/em><\/td>\r\n<td><em>We have become second class citizens in our own country.<\/em><\/td>\r\n<\/tr>\r\n<tr>\r\n<td><em>It is not good, they cause conflicts.<\/em><\/td>\r\n<td><em>They disturb peace in the society.<\/em><\/td>\r\n<\/tr>\r\n<tr>\r\n<td><em>They are privileged.<\/em><\/td>\r\n<td><em>Economy has collapsed because of them.<\/em><\/td>\r\n<\/tr>\r\n<tr>\r\n<td><em>They make the country unsafe.<\/em><\/td>\r\n<td><em>We have become refugees in our own country.<\/em><\/td>\r\n<\/tr>\r\n<tr>\r\n<td><em>Their population is increasing, measures should be taken.<\/em><\/td>\r\n<td><em>They do not adjust.<\/em><\/td>\r\n<\/tr>\r\n<tr>\r\n<td><em>They disturb us.<\/em><\/td>\r\n<td><em>They disrupt the order in the society.<\/em><\/td>\r\n<\/tr>\r\n<tr>\r\n<td><em>Social structure is damaged.<\/em><\/td>\r\n<td><em>We\u2019ve had enough. They are more precious for the government than us.<\/em><\/td>\r\n<\/tr>\r\n<tr>\r\n<td><em>They are dirty and aggressive.<\/em><\/td>\r\n<td><em>They are fickle.<\/em><\/td>\r\n<\/tr>\r\n<tr>\r\n<td><em>We have given enough to them.<\/em><\/td>\r\n<td><em>We, ourselves are hungry.<\/em><\/td>\r\n<\/tr>\r\n<tr>\r\n<td><em>Old people, children and women should be allowed, the others shouldn\u2019t.<\/em><\/td>\r\n<td><em>They are not welcome anymore. We have more Syrians in Turkey than there are in Syria. They invade our country.<\/em><\/td>\r\n<\/tr>\r\n<tr>\r\n<td><em>They will cause trouble in the future.<\/em><\/td>\r\n<td><em>They are traitors. They will also be traitors here.<\/em><\/td>\r\n<\/tr>\r\n<tr>\r\n<td><em>I hate them. They are very comfortable here.<\/em><\/td>\r\n<td><em>Are we supposed to look after them while our own people are starving?<\/em><\/td>\r\n<\/tr>\r\n<tr>\r\n<td><em>They should stay in their own country and fight there.<\/em><\/td>\r\n<td><em>Perverts are coming here. They should stop coming.<\/em><\/td>\r\n<\/tr>\r\n<tr>\r\n<td><em>They fight all the time.<\/em><\/td>\r\n<td><em>The government should first look after their own citizens.<\/em><\/td>\r\n<\/tr>\r\n<tr>\r\n<td><em>They see us as enemies.<\/em><\/td>\r\n<td><em>We\u2019ve had enough of them, we hate it.<\/em><\/td>\r\n<\/tr>\r\n<tr>\r\n<td><em>They damage the social structure. They cannot adapt; they commit crimes.<\/em><\/td>\r\n<td><em>Those with whom we share our bread with make fun of us.<\/em><\/td>\r\n<\/tr>\r\n<tr>\r\n<td><em>The country has no doors anymore.<\/em><\/td>\r\n<td><em>They do illegal work.<\/em><\/td>\r\n<\/tr>\r\n<tr>\r\n<td><em>ISIS terrorists are everywhere in the country; we have got the terrorist ones.<\/em><\/td>\r\n<td><em>Most of those who are allowed in the country are ISIS members, they will cause trouble in the future.<\/em><\/td>\r\n<\/tr>\r\n<tr>\r\n<td><em>I don\u2019t believe they are refugees; they use Turkey as a stepping stone for better opportunities. They want to go to Europe from here.<\/em><\/td>\r\n<td><em>Those who serve AKP politics are brought into the country. Those who behead people started to cause trouble for us.<\/em><\/td>\r\n<\/tr>\r\n<tr>\r\n<td><em>They have invaded the entire country.<\/em><\/td>\r\n<td><em>They are involved in all kinds of crimes; they use and sell drugs.<\/em><\/td>\r\n<\/tr>\r\n<tr>\r\n<td><em>They invade our country. They breed like rabbits.<\/em><\/td>\r\n<td><em>They take away jobs from our young people.<\/em><\/td>\r\n<\/tr>\r\n<tr>\r\n<td><em>They should not be allowed to come here anymore. We are little Syria now, enough.<\/em><\/td>\r\n<td><em>They disturb us. They are very comfortable here. They do not act like guests in the country.<\/em><\/td>\r\n<\/tr>\r\n<tr>\r\n<td><em>They are not welcome anymore, they are disturbing the peace. They are like mafia.<\/em><\/td>\r\n<td><em>There are too many refugees. For our safety. For our young generation.<\/em><\/td>\r\n<\/tr>\r\n<\/tbody>\r\n<\/table>\r\n<\/figure>\r\n\r\n\r\n\r\n<figure class=\"wp-block-image size-large\"><img loading=\"lazy\" loading=\"lazy\" decoding=\"async\" width=\"1024\" height=\"524\" class=\"wp-image-2585\" src=\"http:\/\/spectrumhouse.com.tr\/wp-content\/uploads\/2022\/09\/ek-EN-1024x524.png\" alt=\"\" srcset=\"https:\/\/spectrumhouse.com.tr\/en\/wp-content\/uploads\/2022\/09\/ek-EN-1024x524.png 1024w, https:\/\/spectrumhouse.com.tr\/en\/wp-content\/uploads\/2022\/09\/ek-EN-300x154.png 300w, https:\/\/spectrumhouse.com.tr\/en\/wp-content\/uploads\/2022\/09\/ek-EN-768x393.png 768w, https:\/\/spectrumhouse.com.tr\/en\/wp-content\/uploads\/2022\/09\/ek-EN-533x273.png 533w, https:\/\/spectrumhouse.com.tr\/en\/wp-content\/uploads\/2022\/09\/ek-EN.png 1037w\" sizes=\"auto, (max-width: 1024px) 100vw, 1024px\" \/><\/figure>\r\n\r\n\r\n\r\n<figure class=\"wp-block-image size-large\"><img loading=\"lazy\" loading=\"lazy\" decoding=\"async\" width=\"1024\" height=\"824\" class=\"wp-image-2556\" src=\"http:\/\/spectrumhouse.com.tr\/wp-content\/uploads\/2022\/09\/KU\u0308RT_Z_KUS\u0327AG\u0306I_-_GOCMENLER-EN-7-1024x824.png\" alt=\"\" srcset=\"https:\/\/spectrumhouse.com.tr\/en\/wp-content\/uploads\/2022\/09\/KU\u0308RT_Z_KUS\u0327AG\u0306I_-_GOCMENLER-EN-7-1024x824.png 1024w, https:\/\/spectrumhouse.com.tr\/en\/wp-content\/uploads\/2022\/09\/KU\u0308RT_Z_KUS\u0327AG\u0306I_-_GOCMENLER-EN-7-300x241.png 300w, https:\/\/spectrumhouse.com.tr\/en\/wp-content\/uploads\/2022\/09\/KU\u0308RT_Z_KUS\u0327AG\u0306I_-_GOCMENLER-EN-7-768x618.png 768w, https:\/\/spectrumhouse.com.tr\/en\/wp-content\/uploads\/2022\/09\/KU\u0308RT_Z_KUS\u0327AG\u0306I_-_GOCMENLER-EN-7-1536x1236.png 1536w, https:\/\/spectrumhouse.com.tr\/en\/wp-content\/uploads\/2022\/09\/KU\u0308RT_Z_KUS\u0327AG\u0306I_-_GOCMENLER-EN-7-2048x1648.png 2048w\" sizes=\"auto, (max-width: 1024px) 100vw, 1024px\" \/><\/figure>\r\n\r\n\r\n\r\n<p>As mentioned above, not all respondents have such an attitude towards refugees and asylum seekers. On the contrary, respondents who believe that they should be allowed to come and settle in Turkey gave humanitarian principles, empathy and right based approach as their rationale for their belief. As shown in Table 2, some of the respondents believe that refugees and asylum seekers should be granted permits by saying that \u201cthis could happen to us\u201d and \u201cwe should show empathy\u201d, and others report that this is a religious and humanitarian responsibility. Respondents who told that human life is more important than everything, and taking refuge is a basic right and people have the right to live wherever they want, have a right based approach to this need of refugees and asylum seekers.<\/p>\r\n\r\n\r\n\r\n<figure id=\"table002\" class=\"wp-block-table\">\r\n<table>\r\n<tbody>\r\n<tr>\r\n<td><strong>Table 2. Short answers of the respondents to the question asking why refugees and asylum seekers should be allowed to come and settle in Turkey.<\/strong><\/td>\r\n<\/tr>\r\n<tr>\r\n<td><em>Educated refugees can come.<\/em><\/td>\r\n<td><em>Basic right to live.<\/em><\/td>\r\n<\/tr>\r\n<tr>\r\n<td><em>They come from a neighbour country.<\/em><\/td>\r\n<td><em>The world belongs to everyone.<\/em><\/td>\r\n<\/tr>\r\n<tr>\r\n<td><em>Every person has the right to migrate and move.<\/em><\/td>\r\n<td><em>They should be allowed to be in a peaceful environment.<\/em><\/td>\r\n<\/tr>\r\n<tr>\r\n<td><em>People should be able to go wherever they want.<\/em><\/td>\r\n<td><em>People should be able to live wherever they want to live.<\/em><\/td>\r\n<\/tr>\r\n<tr>\r\n<td><em>No one should be forced to live in a war zone.<\/em><\/td>\r\n<td><em>They should not live in a country where their life is under threat.<\/em><\/td>\r\n<\/tr>\r\n<tr>\r\n<td><em>They are victims of war.<\/em><\/td>\r\n<td><em>We should support innocent people.<\/em><\/td>\r\n<\/tr>\r\n<tr>\r\n<td><em>We could have been in their place, we should empathize with them.<\/em><\/td>\r\n<td><em>They need this.<\/em><\/td>\r\n<\/tr>\r\n<tr>\r\n<td><em>Geneva Convention.<\/em><\/td>\r\n<td><em>We cannot close our borders.<\/em><\/td>\r\n<\/tr>\r\n<tr>\r\n<td><em>It is in our religion.<\/em><\/td>\r\n<td><em>For humanity.<\/em><\/td>\r\n<\/tr>\r\n<tr>\r\n<td><em>Because this is a human right.<\/em><\/td>\r\n<td><em>We cannot leave them in a war country; innocent people are dying.<\/em><\/td>\r\n<\/tr>\r\n<tr>\r\n<td><em>They need us.<\/em><\/td>\r\n<td><em>We cannot leave them to die.<\/em><\/td>\r\n<\/tr>\r\n<tr>\r\n<td><em>For universal values.<\/em><\/td>\r\n<td><em>Because of human values.<\/em><\/td>\r\n<\/tr>\r\n<tr>\r\n<td><em>I feel pity for them, we can be like them in the future.<\/em><\/td>\r\n<td><em>Should be given until the war is over.<\/em><\/td>\r\n<\/tr>\r\n<tr>\r\n<td><em>We believe in the same religion.<\/em><\/td>\r\n<td><em>They are treated badly.<\/em><\/td>\r\n<\/tr>\r\n<tr>\r\n<td><em>Old people, children and women should be allowed, the others shouldn\u2019t.<\/em><\/td>\r\n<td><em>Because my conscious says so.<\/em><\/td>\r\n<\/tr>\r\n<tr>\r\n<td><em>War is not something they choose. We cannot leave them to die.<\/em><\/td>\r\n<td><em>Human life is more valuable than anything.<\/em><\/td>\r\n<\/tr>\r\n<tr>\r\n<td><em>Muslim refugees should be allowed because we believe in the same religion.<\/em><\/td>\r\n<td><em>For humanity, so that innocent civilians won\u2019t die.<\/em><\/td>\r\n<\/tr>\r\n<tr>\r\n<td><em>So that they live without any life threatening events.<\/em><\/td>\r\n<td><em>Our religion orders us to own and look after victims.<\/em><\/td>\r\n<\/tr>\r\n<tr>\r\n<td><em>For human dignity.<\/em><\/td>\r\n<td><em>We have to have them for the sake of humanity; this is our country\u2019s mission.<\/em><\/td>\r\n<\/tr>\r\n<\/tbody>\r\n<\/table>\r\n<\/figure>\r\n\r\n\r\n\r\n<p>According to the above chart, Kurdish generation Z respondents who live in Izmir (22.5%) and Istanbul (34.5%) have a more positive opinion about granting residence permits to refugees and asylum seekers compared to the respondents from other cities. The highest percentages of people who have a negative opinion are from Van (84.6%) and \u015e\u0131rnak (65.3%). As detailed in the discussion section, the fact that Izmir and Istanbul receive high number of people from other cities and countries and therefore have a demographic and cultural variety and personal experiences of Kurdish people who are also considered as migrants might have played a role in the empathy and understanding shown by some of the respondents for the refugees and asylum seekers. On the other hand this negative attitude in Van and \u015e\u0131rnak towards refugees and asylum seekers can be explained by the effect of anti-refugee movement in the general public on the Kurdish population and lack of programs and policies by the Kurdish political movement, which can contribute to reducing such racist attitudes and perceptions or lack of mechanisms to implement such programs and policies (Duman, 2022).<\/p>\r\n\r\n\r\n\r\n<figure class=\"wp-block-image size-large\"><img loading=\"lazy\" loading=\"lazy\" decoding=\"async\" width=\"1024\" height=\"519\" class=\"wp-image-2557\" src=\"http:\/\/spectrumhouse.com.tr\/wp-content\/uploads\/2022\/09\/KU\u0308RT_Z_KUS\u0327AG\u0306I_-_GOCMENLER-EN-8-1024x519.png\" alt=\"\" srcset=\"https:\/\/spectrumhouse.com.tr\/en\/wp-content\/uploads\/2022\/09\/KU\u0308RT_Z_KUS\u0327AG\u0306I_-_GOCMENLER-EN-8-1024x519.png 1024w, https:\/\/spectrumhouse.com.tr\/en\/wp-content\/uploads\/2022\/09\/KU\u0308RT_Z_KUS\u0327AG\u0306I_-_GOCMENLER-EN-8-300x152.png 300w, https:\/\/spectrumhouse.com.tr\/en\/wp-content\/uploads\/2022\/09\/KU\u0308RT_Z_KUS\u0327AG\u0306I_-_GOCMENLER-EN-8-768x389.png 768w, https:\/\/spectrumhouse.com.tr\/en\/wp-content\/uploads\/2022\/09\/KU\u0308RT_Z_KUS\u0327AG\u0306I_-_GOCMENLER-EN-8-1536x778.png 1536w, https:\/\/spectrumhouse.com.tr\/en\/wp-content\/uploads\/2022\/09\/KU\u0308RT_Z_KUS\u0327AG\u0306I_-_GOCMENLER-EN-8-2048x1038.png 2048w\" sizes=\"auto, (max-width: 1024px) 100vw, 1024px\" \/><\/figure>\r\n\r\n\r\n\r\n<p>Female respondents (28.5%) support allowing refugees and asylum seekers settle in Turkey more than male respondents (19.2%) and the percentage of male respondents (57.9%) who support the idea that people coming to Turkey because of forced or voluntary migration should not be allowed to settle in Turkey is higher than that of the female respondents (40.6%). The reason behind such an attitude of female and male respondents could be that the local society considers refugees and asylum seekers as rivals for access to already limited sources and there are people in the social media who associates refugees and asylum seekers with \u201crape, abuse and harassment\u201d cases. As discussed in the discussion section, local society blames the entire community of refugees and asylum seekers, labels them as \u201crapists, abusers and bullies\u201d which target women\u2019s safety and shows racist and discriminatory attitude towards them and these might have affected these results.<\/p>\r\n\r\n\r\n\r\n<figure class=\"wp-block-image size-large\"><img loading=\"lazy\" loading=\"lazy\" decoding=\"async\" width=\"1024\" height=\"585\" class=\"wp-image-2558\" src=\"http:\/\/spectrumhouse.com.tr\/wp-content\/uploads\/2022\/09\/KU\u0308RT_Z_KUS\u0327AG\u0306I_-_GOCMENLER-EN-9-1024x585.png\" alt=\"\" srcset=\"https:\/\/spectrumhouse.com.tr\/en\/wp-content\/uploads\/2022\/09\/KU\u0308RT_Z_KUS\u0327AG\u0306I_-_GOCMENLER-EN-9-1024x585.png 1024w, https:\/\/spectrumhouse.com.tr\/en\/wp-content\/uploads\/2022\/09\/KU\u0308RT_Z_KUS\u0327AG\u0306I_-_GOCMENLER-EN-9-300x171.png 300w, https:\/\/spectrumhouse.com.tr\/en\/wp-content\/uploads\/2022\/09\/KU\u0308RT_Z_KUS\u0327AG\u0306I_-_GOCMENLER-EN-9-768x439.png 768w, https:\/\/spectrumhouse.com.tr\/en\/wp-content\/uploads\/2022\/09\/KU\u0308RT_Z_KUS\u0327AG\u0306I_-_GOCMENLER-EN-9-1536x878.png 1536w, https:\/\/spectrumhouse.com.tr\/en\/wp-content\/uploads\/2022\/09\/KU\u0308RT_Z_KUS\u0327AG\u0306I_-_GOCMENLER-EN-9-2048x1170.png 2048w\" sizes=\"auto, (max-width: 1024px) 100vw, 1024px\" \/><\/figure>\r\n\r\n\r\n\r\n<p>The group with the most negative approach to refugees and asylum seekers settling in Turkey consists of people who are middle school graduates or lower (65.9%) and the group with the most positive approach consists of people who have bachelor\u2019s degree or higher (43.3%).The findings also show that more than half of the respondents with high school degree have negative (55.8%) and one fifth have positive attitude (19.2%) and the remaining one fourth are not sure whether they should be allowed to have residence permit (25%). The possibility of acquiring information about the reasons and outcomes of the civil war in the region from a variety of sources increases with increasing education level, and increased awareness about why and how a multi-cultural society can be possible with increased education level could have played a role in these findings.<\/p>\r\n\r\n\r\n\r\n<figure class=\"wp-block-image size-large\"><img loading=\"lazy\" loading=\"lazy\" decoding=\"async\" width=\"1024\" height=\"469\" class=\"wp-image-2559\" src=\"http:\/\/spectrumhouse.com.tr\/wp-content\/uploads\/2022\/09\/KU\u0308RT_Z_KUS\u0327AG\u0306I_-_GOCMENLER-EN-10-1024x469.png\" alt=\"\" srcset=\"https:\/\/spectrumhouse.com.tr\/en\/wp-content\/uploads\/2022\/09\/KU\u0308RT_Z_KUS\u0327AG\u0306I_-_GOCMENLER-EN-10-1024x469.png 1024w, https:\/\/spectrumhouse.com.tr\/en\/wp-content\/uploads\/2022\/09\/KU\u0308RT_Z_KUS\u0327AG\u0306I_-_GOCMENLER-EN-10-300x138.png 300w, https:\/\/spectrumhouse.com.tr\/en\/wp-content\/uploads\/2022\/09\/KU\u0308RT_Z_KUS\u0327AG\u0306I_-_GOCMENLER-EN-10-768x352.png 768w, https:\/\/spectrumhouse.com.tr\/en\/wp-content\/uploads\/2022\/09\/KU\u0308RT_Z_KUS\u0327AG\u0306I_-_GOCMENLER-EN-10-1536x704.png 1536w, https:\/\/spectrumhouse.com.tr\/en\/wp-content\/uploads\/2022\/09\/KU\u0308RT_Z_KUS\u0327AG\u0306I_-_GOCMENLER-EN-10-2048x939.png 2048w\" sizes=\"auto, (max-width: 1024px) 100vw, 1024px\" \/><\/figure>\r\n\r\n\r\n\r\n<p>Finally, when a comparison is done about residence permit according to how respondents feel about religion; the percentage of the respondents who support residence permit for refugees and asylum seekers is higher for those who does not belong to a religion (47.2%) than those who belong to a religion (19.3%); contrary to this, the percentage of those objecting to residence permit for refugees and asylum seekers is higher for those who belong to a religion (57.1%) compared to those who do not (45.1%). These findings are important to show that the ensar-muhacir reference used frequently for Syrian refugees by AKP party does not resonate among the Kurdish generation Z who report to believe in Islam.<\/p>\r\n\r\n\r\n\r\n<h2 class=\"wp-block-heading\">2-Impact on the economy<\/h2>\r\n\r\n\r\n\r\n<p>Fifty nine point two percent of the respondents who answered to the question \u201cWould it be generally bad or good for the Turkish economy if people with low socioeconomic status and\/or coming from conflict zones are allowed to settle in Turkey as refugees or asylum seekers?\u201d believe that this would be bad or very bad and 6% believed that this would be good or very good and the remaining 34.8% were not sure what the outcome would be. When the reason for this is asked, an important percentage of the respondents answer that economy is getting worse, asylum seekers and refugees increase unemployment rates, work as cheap labour, become a burden and they are no use to the country. Some of them answered by repeating \u201cfalse facts\u201d which are frequently told especially about Syrian refugees (\u201ceverything is free for them\u201d, \u201cthey have all the rights, they are paid salaries, healthcare is free\u201d, \u201cthey don\u2019t pay taxes\u201d etc.). Although this shows that 40% of the respondents answering this question do not have an attitude that directly blames refugees in this respect, this can be an indicator that respondents are affected by conventional media and social media channels and anti-refugee statements and propaganda of politicians. The reasons why 60% of this ethnic group whose members have experienced similar problems have such a negative attitude are discussed in the discussion section.<\/p>\r\n\r\n\r\n\r\n<figure id=\"table003\" class=\"wp-block-table\">\r\n<table>\r\n<tbody>\r\n<tr>\r\n<td><strong>Table 3. Short answers of the respondents to the question asking why refugees and asylum seekers will have a negative impact on the Turkish economy.<\/strong><\/td>\r\n<\/tr>\r\n<tr>\r\n<td><em>They damage the economy.<\/em><\/td>\r\n<td><em>Unemployment rates will increase.<\/em><\/td>\r\n<\/tr>\r\n<tr>\r\n<td><em>They use up the resources.<\/em><\/td>\r\n<td><em>They consume a lot.<\/em><\/td>\r\n<\/tr>\r\n<tr>\r\n<td><em>When there is too much supply in the labour market, salaries will drop.<\/em><\/td>\r\n<td><em>They are everywhere, they send their money abroad.<\/em><\/td>\r\n<\/tr>\r\n<tr>\r\n<td><em>The economy is already bad.<\/em><\/td>\r\n<td><em>They are literally squatters in the country.<\/em><\/td>\r\n<\/tr>\r\n<tr>\r\n<td><em>The economy is already bad, and now we take care of them.<\/em><\/td>\r\n<td><em>We have spent too much money for them.<\/em><\/td>\r\n<\/tr>\r\n<tr>\r\n<td><em>We pay for everything for them.<\/em><\/td>\r\n<td><em>They earn money without doing anything.<\/em><\/td>\r\n<\/tr>\r\n<tr>\r\n<td><em>They a burden to us, they cost us.<\/em><\/td>\r\n<td><em>Unemployment rates will increase and we will experience unpleasant incidents.<\/em><\/td>\r\n<\/tr>\r\n<tr>\r\n<td><em>They are beggars; they are no use for the development of the country.<\/em><\/td>\r\n<td><em>The economy is bad, we cannot have refugees.<\/em><\/td>\r\n<\/tr>\r\n<tr>\r\n<td><em>Everything is free for them.<\/em><\/td>\r\n<td><em>Turkey is already in a bad state.<\/em><\/td>\r\n<\/tr>\r\n<tr>\r\n<td><em>They are granted all the rights; they are paid salaries, healthcare is free.<\/em><\/td>\r\n<td><em>Social separation, unstable employment, cultural conflicts.<\/em><\/td>\r\n<\/tr>\r\n<tr>\r\n<td><em>They work cheap and without insurance.<\/em><\/td>\r\n<td><em>There are already too many people in Turkey.<\/em><\/td>\r\n<\/tr>\r\n<tr>\r\n<td><em>The country\u2019s resources are spent for them. They have the rights that we do not have as citizens.<\/em><\/td>\r\n<td><em>The real citizens of the country are unemployed because of cheap labour.<\/em><\/td>\r\n<\/tr>\r\n<tr>\r\n<td><em>They are in every job, they work cheap, they are the reason why I lost my job.<\/em><\/td>\r\n<td><em>They are taking over the economy; if all of them leave their jobs, production will stop.<\/em><\/td>\r\n<\/tr>\r\n<tr>\r\n<td><em>We take care of them; we don\u2019t eat so that we can feed them.<\/em><\/td>\r\n<td><em>Having foreigners in a country that is not governed well will make things worse.<\/em><\/td>\r\n<\/tr>\r\n<tr>\r\n<td><em>They don\u2019t pay taxes, they work illegally.<\/em><\/td>\r\n<td><em>They work off the books, they work in bad jobs.<\/em><\/td>\r\n<\/tr>\r\n<\/tbody>\r\n<\/table>\r\n<\/figure>\r\n\r\n\r\n\r\n<figure class=\"wp-block-image size-large\"><img loading=\"lazy\" loading=\"lazy\" decoding=\"async\" width=\"1024\" height=\"754\" class=\"wp-image-2560\" src=\"http:\/\/spectrumhouse.com.tr\/wp-content\/uploads\/2022\/09\/KU\u0308RT_Z_KUS\u0327AG\u0306I_-_GOCMENLER-EN-11-1024x754.png\" alt=\"\" srcset=\"https:\/\/spectrumhouse.com.tr\/en\/wp-content\/uploads\/2022\/09\/KU\u0308RT_Z_KUS\u0327AG\u0306I_-_GOCMENLER-EN-11-1024x754.png 1024w, https:\/\/spectrumhouse.com.tr\/en\/wp-content\/uploads\/2022\/09\/KU\u0308RT_Z_KUS\u0327AG\u0306I_-_GOCMENLER-EN-11-300x221.png 300w, https:\/\/spectrumhouse.com.tr\/en\/wp-content\/uploads\/2022\/09\/KU\u0308RT_Z_KUS\u0327AG\u0306I_-_GOCMENLER-EN-11-768x565.png 768w, https:\/\/spectrumhouse.com.tr\/en\/wp-content\/uploads\/2022\/09\/KU\u0308RT_Z_KUS\u0327AG\u0306I_-_GOCMENLER-EN-11-1536x1131.png 1536w, https:\/\/spectrumhouse.com.tr\/en\/wp-content\/uploads\/2022\/09\/KU\u0308RT_Z_KUS\u0327AG\u0306I_-_GOCMENLER-EN-11-2048x1508.png 2048w\" sizes=\"auto, (max-width: 1024px) 100vw, 1024px\" \/><\/figure>\r\n\r\n\r\n\r\n<p>When we look at the answers according to the cities the respondents lived in, close to half of the respondents in Istanbul and majority of the respondents in other cities (Diyarbak\u0131r 60.1%; Van 80.4%; \u015e\u0131rnak 66%; \u0130zmir 67.4%) believe that refugees and asylum seekers will have a negative impact on the country\u2019s economy. Almost half of the respondents in Istanbul (47.8%) report that they are not sure about the impact of refugees and asylum seekers on the economy. A mega city that has received both internal and external migration throughout its history and allowed people with different ethnical and religious origins to live together despite all difficulties and obstacles, Istanbul is different from all other cities. This may have somewhat softened the attitude of respondents\u2019 living in Istanbul towards refugees and asylum seekers.<\/p>\r\n\r\n\r\n\r\n<p>The results show that there is no significant difference between male and female respondents and majority of the people in both groups (men 59.9%, women 54.2%) believe that refugees and asylum seekers will have a negative impact on the country\u2019s economy. Nevertheless, approximately one third of both groups report that they do not know how this impact will manifest itself.<\/p>\r\n\r\n\r\n\r\n<figure class=\"wp-block-image size-large\"><img loading=\"lazy\" loading=\"lazy\" decoding=\"async\" width=\"1024\" height=\"505\" class=\"wp-image-2561\" src=\"http:\/\/spectrumhouse.com.tr\/wp-content\/uploads\/2022\/09\/KU\u0308RT_Z_KUS\u0327AG\u0306I_-_GOCMENLER-EN-12-1024x505.png\" alt=\"\" srcset=\"https:\/\/spectrumhouse.com.tr\/en\/wp-content\/uploads\/2022\/09\/KU\u0308RT_Z_KUS\u0327AG\u0306I_-_GOCMENLER-EN-12-1024x505.png 1024w, https:\/\/spectrumhouse.com.tr\/en\/wp-content\/uploads\/2022\/09\/KU\u0308RT_Z_KUS\u0327AG\u0306I_-_GOCMENLER-EN-12-300x148.png 300w, https:\/\/spectrumhouse.com.tr\/en\/wp-content\/uploads\/2022\/09\/KU\u0308RT_Z_KUS\u0327AG\u0306I_-_GOCMENLER-EN-12-768x378.png 768w, https:\/\/spectrumhouse.com.tr\/en\/wp-content\/uploads\/2022\/09\/KU\u0308RT_Z_KUS\u0327AG\u0306I_-_GOCMENLER-EN-12-1536x757.png 1536w, https:\/\/spectrumhouse.com.tr\/en\/wp-content\/uploads\/2022\/09\/KU\u0308RT_Z_KUS\u0327AG\u0306I_-_GOCMENLER-EN-12-2048x1009.png 2048w\" sizes=\"auto, (max-width: 1024px) 100vw, 1024px\" \/><\/figure>\r\n\r\n\r\n\r\n<p>A similar attitude is also seen when respondents are compared according to their education level. The most negative attitude is seen in the respondents with middle school or lower degrees (63.6%), followed by similar percentage in respondents with bachelor\/master degrees (58.4%) and high school graduates (58.2%) Also in this variable, approximately one third of the respondents report that they do not know how refugees and asylum seekers will affect the country\u2019s economy (middle school and lower graduates 30.2%, high school 36.3%, bachelor\u2019s\/master\u2019s degree 33.9%). Decreasing negative attitude with increasing education level is similar to the attitudes of some respondents towards accepting refugees and asylum seekers in Turkey and this can be related to the possibility that they research and check the claims by accessing to different information sources.<\/p>\r\n\r\n\r\n\r\n<figure class=\"wp-block-image size-large\"><img loading=\"lazy\" loading=\"lazy\" decoding=\"async\" width=\"1024\" height=\"614\" class=\"wp-image-2562\" src=\"http:\/\/spectrumhouse.com.tr\/wp-content\/uploads\/2022\/09\/KU\u0308RT_Z_KUS\u0327AG\u0306I_-_GOCMENLER-EN-13-1024x614.png\" alt=\"\" srcset=\"https:\/\/spectrumhouse.com.tr\/en\/wp-content\/uploads\/2022\/09\/KU\u0308RT_Z_KUS\u0327AG\u0306I_-_GOCMENLER-EN-13-1024x614.png 1024w, https:\/\/spectrumhouse.com.tr\/en\/wp-content\/uploads\/2022\/09\/KU\u0308RT_Z_KUS\u0327AG\u0306I_-_GOCMENLER-EN-13-300x180.png 300w, https:\/\/spectrumhouse.com.tr\/en\/wp-content\/uploads\/2022\/09\/KU\u0308RT_Z_KUS\u0327AG\u0306I_-_GOCMENLER-EN-13-768x460.png 768w, https:\/\/spectrumhouse.com.tr\/en\/wp-content\/uploads\/2022\/09\/KU\u0308RT_Z_KUS\u0327AG\u0306I_-_GOCMENLER-EN-13-1536x921.png 1536w, https:\/\/spectrumhouse.com.tr\/en\/wp-content\/uploads\/2022\/09\/KU\u0308RT_Z_KUS\u0327AG\u0306I_-_GOCMENLER-EN-13-2048x1228.png 2048w\" sizes=\"auto, (max-width: 1024px) 100vw, 1024px\" \/><\/figure>\r\n\r\n\r\n\r\n<figure class=\"wp-block-image size-large\"><img loading=\"lazy\" loading=\"lazy\" decoding=\"async\" width=\"1024\" height=\"831\" class=\"wp-image-2564\" src=\"http:\/\/spectrumhouse.com.tr\/wp-content\/uploads\/2022\/09\/KU\u0308RT_Z_KUS\u0327AG\u0306I_-_GOCMENLER-EN-14-1024x831.png\" alt=\"\" srcset=\"https:\/\/spectrumhouse.com.tr\/en\/wp-content\/uploads\/2022\/09\/KU\u0308RT_Z_KUS\u0327AG\u0306I_-_GOCMENLER-EN-14-1024x831.png 1024w, https:\/\/spectrumhouse.com.tr\/en\/wp-content\/uploads\/2022\/09\/KU\u0308RT_Z_KUS\u0327AG\u0306I_-_GOCMENLER-EN-14-300x243.png 300w, https:\/\/spectrumhouse.com.tr\/en\/wp-content\/uploads\/2022\/09\/KU\u0308RT_Z_KUS\u0327AG\u0306I_-_GOCMENLER-EN-14-768x623.png 768w, https:\/\/spectrumhouse.com.tr\/en\/wp-content\/uploads\/2022\/09\/KU\u0308RT_Z_KUS\u0327AG\u0306I_-_GOCMENLER-EN-14-1536x1246.png 1536w, https:\/\/spectrumhouse.com.tr\/en\/wp-content\/uploads\/2022\/09\/KU\u0308RT_Z_KUS\u0327AG\u0306I_-_GOCMENLER-EN-14-2048x1661.png 2048w\" sizes=\"auto, (max-width: 1024px) 100vw, 1024px\" \/><\/figure>\r\n\r\n\r\n\r\n<p>Approximately half of the respondents with monthly salaries between 1001-2000 TL and 2001-3000 TL (47.8%) and majority of the respondents in other income groups (0-1000 TL 65.3%, 3001-4000 TL 61.9%, more than 4000 TL 63.6%) report that they believe refugees and asylum seekers will have a negative impact on the country\u2019s economy. The percentage of those who were not sure how this impact will occur varies between 28 to 47% depending on the income level. Therefore no clear positive or negative relationship between the income levels and attitudes towards refugees and asylum seekers of the respondents can be found.<\/p>\r\n\r\n\r\n\r\n<p>In summary, gender, education level and income level of the respondents and the city they live in do not cause any significant difference in the impact level they believe the refugees and asylum seekers will have on the country\u2019s economy. The main factors that play a role here are neo-liberal economy policies of AKP government which is not based on sustainability (\u00d6zdemir, 2020) and this government\u2019s war policies and military spendings to solve problems in the country and in the Middle East especially after 2015 (World Bank, 2022), and economic difficulties caused by the COVID-19 pandemic (OECD, 2021; \u00c7akmakl\u0131 et.al., 2021) at best make it difficult for the respondents to guess the impact of the refugees and asylum seekers on the Turkish economy. Furthermore respondents are mostly HDP supporter (Spectrum House, 2022) and the fact that HDP does not\/cannot develop and implement any policy about refugee and asylum seeker rights, to solve refugees\u2019 problems and live with the Kurdish society albeit temporarily may have played a role as well. Trustees appointed to the municipalities that HDP won in the elections, pressure on members of parliament and politicians of HDP and discriminatory attitude of almost all of the institutions towards HDP also have played a role in here. Because these factors significantly limit HDP\u2019s political activities.<\/p>\r\n\r\n\r\n\r\n<h2 class=\"wp-block-heading\">3-Repatriation<\/h2>\r\n\r\n\r\n\r\n<p>\u201cAccording to the 1951 Geneva Convention signed also by Turkey, refugees should not be returned to a country where they face serious threats to their life or freedom. More than half of the respondents (52%) gave the answers \u201cthey should be returned\u201d or \u201cthey should definitely be returned\u201d to the question \u201cDo you think refugees\/asylum seekers meeting this definition in Turkey (Syrians, Afghans, Iraqis, Iranians, Somalis etc.) should be returned to their countries despite the convention?\u201d. While 22% gave the answers \u201cthey should not be returned\u201d or \u201cthey should never be returned\u201d, the remaining 26% report that they are not sure. This shows that the respondents rather have a negative attitude about refugees staying in Turkey and not being returned to their countries. Almost half of the respondents (48%) did not have a negative attitude about repatriation of refugees and asylum seekers which represents a significant difference compared to the general attitude of the young generation in Turkey (KAS, 2022) .<\/p>\r\n\r\n\r\n\r\n<p>When we compare the answers of the respondents based on the city they live in, the biggest support were from respondents from Van (77%), \u015e\u0131rnak (59.2%), and Izmir (53.3%) it was around 45% among the respondents from Diyarbak\u0131r and Istanbul. Approximately one third of the respondents from Istanbul (31.5%) and one fifth of the respondents from Diyarbak\u0131r (18.8%) and Izmir (23%) support the idea that refugees should not be returned to their countries. As with other variables, respondents from Istanbul giving answers different than those living in other cities can be related with the multicultural structure of Istanbul and personal migration experience of Kurdish generation Z living in Istanbul. Because respondents living in Istanbul have a higher possibility of meeting people coming to the city both through internal and external migration, building relationships with and sharing spaces (workplace, education institutions, social contexts etc.) and understanding the conditions they have both in Turkey and in their own country. This may have resulted in respondents giving more support to the idea that refugees should not be returned to their countries.<\/p>\r\n\r\n\r\n\r\n<figure class=\"wp-block-image size-large\"><img loading=\"lazy\" loading=\"lazy\" decoding=\"async\" width=\"1024\" height=\"806\" class=\"wp-image-2565\" src=\"http:\/\/spectrumhouse.com.tr\/wp-content\/uploads\/2022\/09\/KU\u0308RT_Z_KUS\u0327AG\u0306I_-_GOCMENLER-EN-15-1024x806.png\" alt=\"\" srcset=\"https:\/\/spectrumhouse.com.tr\/en\/wp-content\/uploads\/2022\/09\/KU\u0308RT_Z_KUS\u0327AG\u0306I_-_GOCMENLER-EN-15-1024x806.png 1024w, https:\/\/spectrumhouse.com.tr\/en\/wp-content\/uploads\/2022\/09\/KU\u0308RT_Z_KUS\u0327AG\u0306I_-_GOCMENLER-EN-15-300x236.png 300w, https:\/\/spectrumhouse.com.tr\/en\/wp-content\/uploads\/2022\/09\/KU\u0308RT_Z_KUS\u0327AG\u0306I_-_GOCMENLER-EN-15-768x604.png 768w, https:\/\/spectrumhouse.com.tr\/en\/wp-content\/uploads\/2022\/09\/KU\u0308RT_Z_KUS\u0327AG\u0306I_-_GOCMENLER-EN-15-1536x1209.png 1536w, https:\/\/spectrumhouse.com.tr\/en\/wp-content\/uploads\/2022\/09\/KU\u0308RT_Z_KUS\u0327AG\u0306I_-_GOCMENLER-EN-15-2048x1612.png 2048w\" sizes=\"auto, (max-width: 1024px) 100vw, 1024px\" \/><\/figure>\r\n\r\n\r\n\r\n<figure class=\"wp-block-image size-large\"><img loading=\"lazy\" loading=\"lazy\" decoding=\"async\" width=\"1024\" height=\"410\" class=\"wp-image-2566\" src=\"http:\/\/spectrumhouse.com.tr\/wp-content\/uploads\/2022\/09\/KU\u0308RT_Z_KUS\u0327AG\u0306I_-_GOCMENLER-EN-16-1024x410.png\" alt=\"\" srcset=\"https:\/\/spectrumhouse.com.tr\/en\/wp-content\/uploads\/2022\/09\/KU\u0308RT_Z_KUS\u0327AG\u0306I_-_GOCMENLER-EN-16-1024x410.png 1024w, https:\/\/spectrumhouse.com.tr\/en\/wp-content\/uploads\/2022\/09\/KU\u0308RT_Z_KUS\u0327AG\u0306I_-_GOCMENLER-EN-16-300x120.png 300w, https:\/\/spectrumhouse.com.tr\/en\/wp-content\/uploads\/2022\/09\/KU\u0308RT_Z_KUS\u0327AG\u0306I_-_GOCMENLER-EN-16-768x308.png 768w, https:\/\/spectrumhouse.com.tr\/en\/wp-content\/uploads\/2022\/09\/KU\u0308RT_Z_KUS\u0327AG\u0306I_-_GOCMENLER-EN-16-1536x615.png 1536w, https:\/\/spectrumhouse.com.tr\/en\/wp-content\/uploads\/2022\/09\/KU\u0308RT_Z_KUS\u0327AG\u0306I_-_GOCMENLER-EN-16-2048x820.png 2048w\" sizes=\"auto, (max-width: 1024px) 100vw, 1024px\" \/><\/figure>\r\n\r\n\r\n\r\n<p>The percentage of respondents who support the idea that refugees should be returned was higher in men (56.3%) than in women (47.4), an opposite picture was found about the support for the idea that refugees should not be returned. In other words when compared with male respondents (16.6%), a higher percentage of female respondents (27.4%) believed that refugees should not be returned.<\/p>\r\n\r\n\r\n\r\n<p>When respondents are compared according to their education level, the highest percentage of respondents who support the idea that refugees should be returned is the respondents with middle school or lower education (65.3%) and as the education level rises, support for repatriation decreases (high school 53.9% and bachelor\u2019s\/master\u2019s 34.3%). A similar result is also found in the support for not sending refugees back. Approximately half of the respondents with bachelor\/master\u2019s degree (46.7%) believe that refugees should not be returned to their countries, the percentage of respondents who support this idea is one fifth among the respondents with high school degree (17.2%) and one tenth among respondents who have middle school or lower education (8.7%).As with other variables, with rising education level, the respondents\u2019 negative attitude towards refugees and asylum seekers decreases. The reason for this could be that they are better aware of refugees and asylum seekers\u2019 conditions in Turkey and the war and difficult safety and socioeconomic conditions in their countries from a variety of sources which allows them to have a different perspective. This might have helped these respondents to develop awareness so that they are not a part of the widespread anti-refugee propaganda in Turkey.<\/p>\r\n\r\n\r\n\r\n<figure class=\"wp-block-image size-large\"><img loading=\"lazy\" loading=\"lazy\" decoding=\"async\" width=\"1024\" height=\"598\" class=\"wp-image-2567\" src=\"http:\/\/spectrumhouse.com.tr\/wp-content\/uploads\/2022\/09\/KU\u0308RT_Z_KUS\u0327AG\u0306I_-_GOCMENLER-EN-17-1024x598.png\" alt=\"\" srcset=\"https:\/\/spectrumhouse.com.tr\/en\/wp-content\/uploads\/2022\/09\/KU\u0308RT_Z_KUS\u0327AG\u0306I_-_GOCMENLER-EN-17-1024x598.png 1024w, https:\/\/spectrumhouse.com.tr\/en\/wp-content\/uploads\/2022\/09\/KU\u0308RT_Z_KUS\u0327AG\u0306I_-_GOCMENLER-EN-17-300x175.png 300w, https:\/\/spectrumhouse.com.tr\/en\/wp-content\/uploads\/2022\/09\/KU\u0308RT_Z_KUS\u0327AG\u0306I_-_GOCMENLER-EN-17-768x448.png 768w, https:\/\/spectrumhouse.com.tr\/en\/wp-content\/uploads\/2022\/09\/KU\u0308RT_Z_KUS\u0327AG\u0306I_-_GOCMENLER-EN-17-1536x896.png 1536w, https:\/\/spectrumhouse.com.tr\/en\/wp-content\/uploads\/2022\/09\/KU\u0308RT_Z_KUS\u0327AG\u0306I_-_GOCMENLER-EN-17-2048x1195.png 2048w\" sizes=\"auto, (max-width: 1024px) 100vw, 1024px\" \/><\/figure>\r\n\r\n\r\n\r\n<p>More than half of the respondents who report to believe in a religion (54.2%) supported the idea that refugees should be returned to their home countries, this percentage is around 44.5% for those who do not belong to a religion. This is the opposite in those who believed \u2018they should not be returned\u2019. While the percentage of respondents who do not belong to a religion and report that refugees \u201cshould not be returned\u201d is 35.8%, this percentage is 17% for those who belong to a religion.<\/p>\r\n\r\n\r\n\r\n<figure class=\"wp-block-image size-large\"><img loading=\"lazy\" loading=\"lazy\" decoding=\"async\" width=\"1024\" height=\"587\" class=\"wp-image-2568\" src=\"http:\/\/spectrumhouse.com.tr\/wp-content\/uploads\/2022\/09\/KU\u0308RT_Z_KUS\u0327AG\u0306I_-_GOCMENLER-EN-18-1024x587.png\" alt=\"\" srcset=\"https:\/\/spectrumhouse.com.tr\/en\/wp-content\/uploads\/2022\/09\/KU\u0308RT_Z_KUS\u0327AG\u0306I_-_GOCMENLER-EN-18-1024x587.png 1024w, https:\/\/spectrumhouse.com.tr\/en\/wp-content\/uploads\/2022\/09\/KU\u0308RT_Z_KUS\u0327AG\u0306I_-_GOCMENLER-EN-18-300x172.png 300w, https:\/\/spectrumhouse.com.tr\/en\/wp-content\/uploads\/2022\/09\/KU\u0308RT_Z_KUS\u0327AG\u0306I_-_GOCMENLER-EN-18-768x440.png 768w, https:\/\/spectrumhouse.com.tr\/en\/wp-content\/uploads\/2022\/09\/KU\u0308RT_Z_KUS\u0327AG\u0306I_-_GOCMENLER-EN-18-1536x881.png 1536w, https:\/\/spectrumhouse.com.tr\/en\/wp-content\/uploads\/2022\/09\/KU\u0308RT_Z_KUS\u0327AG\u0306I_-_GOCMENLER-EN-18-2048x1174.png 2048w\" sizes=\"auto, (max-width: 1024px) 100vw, 1024px\" \/><\/figure>\r\n\r\n\r\n\r\n<h2 class=\"wp-block-heading\">4-Citizenship<\/h2>\r\n\r\n\r\n\r\n<p>Granting citizenship to refugees and asylum seekers is one of the subjects that are discussed often and objected both in the political arena and by the public. The question, \u201cAccording to the UNHCR statistics, a majority of refugees and asylum seekers who settle in other countries due to forced migration remain in these countries. Should citizenship be granted to all the refugees in Turkey under temporary protection and international protection?\u201d asked to the respondents in this study allows us to understand their opinions about which refugees and asylum seekers and under what conditions can be granted citizenship. Forty four percent of the respondents believe that none of the refugees or asylum seekers should be granted citizenship. Thirteen percent of the respondents report that only educated refugees and asylum seekers, 11% report that only refugees and asylum seekers who can make investments in the country and 10% report that all refugees and asylum seekers may be granted citizenship. The remaining 22% report that they were not sure whether refugees and asylum seekers should be granted citizenship or which group should be granted citizenship. As shown below, different from the other questions, we checked the answers to this question taking into consideration discrimination factor in addition to the city and gender factors.<\/p>\r\n\r\n\r\n\r\n<p>When we look at the distribution of the answers according to the cities, the highest percentage of respondents who oppose to granting citizenship to refugees and asylum seekers are from Van (76.7%) and \u015e\u0131rnak (60.4%). These two cities are followed by Izmir (48.9%), Istanbul (38.9%) and Diyarbak\u0131r (28.3%). A similar trend is also observed for other conditions.<\/p>\r\n\r\n\r\n\r\n<figure class=\"wp-block-image size-large\"><img loading=\"lazy\" loading=\"lazy\" decoding=\"async\" width=\"1024\" height=\"942\" class=\"wp-image-2569\" src=\"http:\/\/spectrumhouse.com.tr\/wp-content\/uploads\/2022\/09\/KU\u0308RT_Z_KUS\u0327AG\u0306I_-_GOCMENLER-EN-19-1024x942.png\" alt=\"\" srcset=\"https:\/\/spectrumhouse.com.tr\/en\/wp-content\/uploads\/2022\/09\/KU\u0308RT_Z_KUS\u0327AG\u0306I_-_GOCMENLER-EN-19-1024x942.png 1024w, https:\/\/spectrumhouse.com.tr\/en\/wp-content\/uploads\/2022\/09\/KU\u0308RT_Z_KUS\u0327AG\u0306I_-_GOCMENLER-EN-19-300x276.png 300w, https:\/\/spectrumhouse.com.tr\/en\/wp-content\/uploads\/2022\/09\/KU\u0308RT_Z_KUS\u0327AG\u0306I_-_GOCMENLER-EN-19-768x707.png 768w, https:\/\/spectrumhouse.com.tr\/en\/wp-content\/uploads\/2022\/09\/KU\u0308RT_Z_KUS\u0327AG\u0306I_-_GOCMENLER-EN-19-1536x1413.png 1536w, https:\/\/spectrumhouse.com.tr\/en\/wp-content\/uploads\/2022\/09\/KU\u0308RT_Z_KUS\u0327AG\u0306I_-_GOCMENLER-EN-19-2048x1884.png 2048w\" sizes=\"auto, (max-width: 1024px) 100vw, 1024px\" \/><\/figure>\r\n\r\n\r\n\r\n<p>Almost half of the male respondents (48.4%) report that \u201cnone of them should be granted citizenship\u201d, this percentage is a little lower among female respondents (41%). The difference here is reflected on the support for granting citizenship to all refugees and asylum seekers. Accordingly, 13.6% of female respondents supported granting citizenship to all refugees and asylum seekers while only 5.8% of the male respondents supported this. In the remaining factors, the difference between male and female respondents is not as big as two factors discussed above.<\/p>\r\n\r\n\r\n\r\n<figure class=\"wp-block-image size-large\"><img loading=\"lazy\" loading=\"lazy\" decoding=\"async\" width=\"1024\" height=\"438\" class=\"wp-image-2570\" src=\"http:\/\/spectrumhouse.com.tr\/wp-content\/uploads\/2022\/09\/KU\u0308RT_Z_KUS\u0327AG\u0306I_-_GOCMENLER-EN-20-1024x438.png\" alt=\"\" srcset=\"https:\/\/spectrumhouse.com.tr\/en\/wp-content\/uploads\/2022\/09\/KU\u0308RT_Z_KUS\u0327AG\u0306I_-_GOCMENLER-EN-20-1024x438.png 1024w, https:\/\/spectrumhouse.com.tr\/en\/wp-content\/uploads\/2022\/09\/KU\u0308RT_Z_KUS\u0327AG\u0306I_-_GOCMENLER-EN-20-300x128.png 300w, https:\/\/spectrumhouse.com.tr\/en\/wp-content\/uploads\/2022\/09\/KU\u0308RT_Z_KUS\u0327AG\u0306I_-_GOCMENLER-EN-20-768x328.png 768w, https:\/\/spectrumhouse.com.tr\/en\/wp-content\/uploads\/2022\/09\/KU\u0308RT_Z_KUS\u0327AG\u0306I_-_GOCMENLER-EN-20-1536x657.png 1536w, https:\/\/spectrumhouse.com.tr\/en\/wp-content\/uploads\/2022\/09\/KU\u0308RT_Z_KUS\u0327AG\u0306I_-_GOCMENLER-EN-20-2048x876.png 2048w\" sizes=\"auto, (max-width: 1024px) 100vw, 1024px\" \/><\/figure>\r\n\r\n\r\n\r\n<figure class=\"wp-block-image size-large\"><img loading=\"lazy\" loading=\"lazy\" decoding=\"async\" width=\"1024\" height=\"585\" class=\"wp-image-2571\" src=\"http:\/\/spectrumhouse.com.tr\/wp-content\/uploads\/2022\/09\/KU\u0308RT_Z_KUS\u0327AG\u0306I_-_GOCMENLER-EN-21-1024x585.png\" alt=\"\" srcset=\"https:\/\/spectrumhouse.com.tr\/en\/wp-content\/uploads\/2022\/09\/KU\u0308RT_Z_KUS\u0327AG\u0306I_-_GOCMENLER-EN-21-1024x585.png 1024w, https:\/\/spectrumhouse.com.tr\/en\/wp-content\/uploads\/2022\/09\/KU\u0308RT_Z_KUS\u0327AG\u0306I_-_GOCMENLER-EN-21-300x171.png 300w, https:\/\/spectrumhouse.com.tr\/en\/wp-content\/uploads\/2022\/09\/KU\u0308RT_Z_KUS\u0327AG\u0306I_-_GOCMENLER-EN-21-768x439.png 768w, https:\/\/spectrumhouse.com.tr\/en\/wp-content\/uploads\/2022\/09\/KU\u0308RT_Z_KUS\u0327AG\u0306I_-_GOCMENLER-EN-21-1536x878.png 1536w, https:\/\/spectrumhouse.com.tr\/en\/wp-content\/uploads\/2022\/09\/KU\u0308RT_Z_KUS\u0327AG\u0306I_-_GOCMENLER-EN-21-2048x1170.png 2048w\" sizes=\"auto, (max-width: 1024px) 100vw, 1024px\" \/><\/figure>\r\n\r\n\r\n\r\n<p>The percentage of respondents who report that there is discrimination in Turkey and that they have been subjected to discrimination objected to granting citizenship to refugees and asylum seekers is less than the percentage of respondents who report that there is no discrimination in Turkey and that they have not been subjected to discrimination (42.7% vs. 49.7% and 39.2% vs. 53.1%) and supported the idea that all of them should be granted citizenship more than the other group (11.7% vs. 4.2% and 13.4% vs. 3.3%).<\/p>\r\n\r\n\r\n\r\n<figure class=\"wp-block-image size-large\"><img loading=\"lazy\" loading=\"lazy\" decoding=\"async\" width=\"1024\" height=\"585\" class=\"wp-image-2572\" src=\"http:\/\/spectrumhouse.com.tr\/wp-content\/uploads\/2022\/09\/KU\u0308RT_Z_KUS\u0327AG\u0306I_-_GOCMENLER-EN-22-1024x585.png\" alt=\"\" srcset=\"https:\/\/spectrumhouse.com.tr\/en\/wp-content\/uploads\/2022\/09\/KU\u0308RT_Z_KUS\u0327AG\u0306I_-_GOCMENLER-EN-22-1024x585.png 1024w, https:\/\/spectrumhouse.com.tr\/en\/wp-content\/uploads\/2022\/09\/KU\u0308RT_Z_KUS\u0327AG\u0306I_-_GOCMENLER-EN-22-300x171.png 300w, https:\/\/spectrumhouse.com.tr\/en\/wp-content\/uploads\/2022\/09\/KU\u0308RT_Z_KUS\u0327AG\u0306I_-_GOCMENLER-EN-22-768x439.png 768w, https:\/\/spectrumhouse.com.tr\/en\/wp-content\/uploads\/2022\/09\/KU\u0308RT_Z_KUS\u0327AG\u0306I_-_GOCMENLER-EN-22-1536x878.png 1536w, https:\/\/spectrumhouse.com.tr\/en\/wp-content\/uploads\/2022\/09\/KU\u0308RT_Z_KUS\u0327AG\u0306I_-_GOCMENLER-EN-22-2048x1170.png 2048w\" sizes=\"auto, (max-width: 1024px) 100vw, 1024px\" \/><\/figure>\r\n\r\n\r\n\r\n<h2 class=\"wp-block-heading\">5-Social relationships<\/h2>\r\n\r\n\r\n\r\n<p>Forty percent of the respondents answer that they can be close friends with refugees and asylum seekers, 39.4% answer that they can be neighbours, 35% answer that they can be colleagues, 18.5% answered that they can be roommates, 18.3% answer that they can have a romantic relationship, 16.6% answer that they can marry a refugee or asylum seekers and 16.6% answer that they can have all these kinds of relationships. A higher percentage and number of respondents from Istanbul answer that they can have a social relationship with refugees and asylum seekers when compared to the respondents from other cities. A much lower percentage of the respondents from Van believe that they can have a social relationship with asylum seekers and refugees compared to the respondents from other cities (except for close friendship). These results are positive as they show that respondents are likely to have social relationships with refugees and asylum seekers in different forms and contexts however on the other hand this represents a contradiction since they do not support the rights of refugees and asylum seekers and they believe that they should be returned to their home countries. This shows that a significant percentage of respondents believe that refugees and asylum seekers should be returned to their countries or sent to a third country but that they also are willing to build social relationships with them at different levels during their \u2018temporary\u2019 stay in the country. This approach is most apparent especially among the respondents from Istanbul.<\/p>\r\n\r\n\r\n\r\n<figure class=\"wp-block-image size-large\"><img loading=\"lazy\" loading=\"lazy\" decoding=\"async\" width=\"996\" height=\"1024\" class=\"wp-image-2573\" src=\"http:\/\/spectrumhouse.com.tr\/wp-content\/uploads\/2022\/09\/KU\u0308RT_Z_KUS\u0327AG\u0306I_-_GOCMENLER-EN-23-996x1024.png\" alt=\"\" srcset=\"https:\/\/spectrumhouse.com.tr\/en\/wp-content\/uploads\/2022\/09\/KU\u0308RT_Z_KUS\u0327AG\u0306I_-_GOCMENLER-EN-23-996x1024.png 996w, https:\/\/spectrumhouse.com.tr\/en\/wp-content\/uploads\/2022\/09\/KU\u0308RT_Z_KUS\u0327AG\u0306I_-_GOCMENLER-EN-23-292x300.png 292w, https:\/\/spectrumhouse.com.tr\/en\/wp-content\/uploads\/2022\/09\/KU\u0308RT_Z_KUS\u0327AG\u0306I_-_GOCMENLER-EN-23-768x790.png 768w, https:\/\/spectrumhouse.com.tr\/en\/wp-content\/uploads\/2022\/09\/KU\u0308RT_Z_KUS\u0327AG\u0306I_-_GOCMENLER-EN-23-1494x1536.png 1494w, https:\/\/spectrumhouse.com.tr\/en\/wp-content\/uploads\/2022\/09\/KU\u0308RT_Z_KUS\u0327AG\u0306I_-_GOCMENLER-EN-23-1992x2048.png 1992w, https:\/\/spectrumhouse.com.tr\/en\/wp-content\/uploads\/2022\/09\/KU\u0308RT_Z_KUS\u0327AG\u0306I_-_GOCMENLER-EN-23.png 2012w\" sizes=\"auto, (max-width: 996px) 100vw, 996px\" \/><\/figure>\r\n\r\n\r\n\r\n<p>When we look at the gender variable, the percentage of male respondents who answered that they can have social relationships with refugees and asylum seekers is higher than female respondents. Additionally, the percentage of female respondents who answered that they can be neighbours and roommates with and marry refugees and asylum seekers is higher than male respondents whereas the percentage of male respondents who answered that they can be close friends, have a romantic relationship and be colleagues is higher than female respondents.<\/p>\r\n\r\n\r\n\r\n<figure class=\"wp-block-image size-large\"><img loading=\"lazy\" loading=\"lazy\" decoding=\"async\" width=\"1024\" height=\"652\" class=\"wp-image-2574\" src=\"http:\/\/spectrumhouse.com.tr\/wp-content\/uploads\/2022\/09\/KU\u0308RT_Z_KUS\u0327AG\u0306I_-_GOCMENLER-EN-24-1024x652.png\" alt=\"\" srcset=\"https:\/\/spectrumhouse.com.tr\/en\/wp-content\/uploads\/2022\/09\/KU\u0308RT_Z_KUS\u0327AG\u0306I_-_GOCMENLER-EN-24-1024x652.png 1024w, https:\/\/spectrumhouse.com.tr\/en\/wp-content\/uploads\/2022\/09\/KU\u0308RT_Z_KUS\u0327AG\u0306I_-_GOCMENLER-EN-24-300x191.png 300w, https:\/\/spectrumhouse.com.tr\/en\/wp-content\/uploads\/2022\/09\/KU\u0308RT_Z_KUS\u0327AG\u0306I_-_GOCMENLER-EN-24-768x489.png 768w, https:\/\/spectrumhouse.com.tr\/en\/wp-content\/uploads\/2022\/09\/KU\u0308RT_Z_KUS\u0327AG\u0306I_-_GOCMENLER-EN-24-1536x978.png 1536w, https:\/\/spectrumhouse.com.tr\/en\/wp-content\/uploads\/2022\/09\/KU\u0308RT_Z_KUS\u0327AG\u0306I_-_GOCMENLER-EN-24-2048x1303.png 2048w\" sizes=\"auto, (max-width: 1024px) 100vw, 1024px\" \/><\/figure>\r\n\r\n\r\n\r\n<p>We also investigated factors such as respondents\u2019 satisfaction in life and in the city they live, institutional trust, socioeconomic insecurity, sociopolitical concerns, perception of personal and institutional discrimination, interest in politics and satisfaction in democracy in Turkey. Although almost all of these factors are positively correlated with positive answers about refugees and asylum seekers, it should be noted that this correlation is not statistically significant. However a positive attitude towards refugees and asylum seekers in any area (for example residence permit or citizenship) also has a statistically significant positive correlation with other areas.<\/p>\r\n\r\n\r\n\r\n<p>While respondents\u2019 levels of satisfaction in life, institutional trust and satisfaction with democracy have a positive correlation (when one increases, the other one also increases), the same variables have a negative correlation with sociopolitical concerns and personal and institutional discrimination (when one increases, the other one decreases).While satisfaction in life, institutional trust and satisfaction with democracy are negatively correlated with social relationships with refugees and asylum seekers, a similar relationship is found with satisfaction with democracy and repatriation. In other words, respondents\u2019 satisfaction in life, institutional trust and satisfaction in democracy increase, their willingness to have social intimacy with refugees and asylum seekers decreases. As the respondents\u2019 sociopolitical concern level, personal and institutional discrimination perception and interest in politics increase, their support for allowing refugees and asylum seekers settle in Turkey and impact on the Turkish economy, support for not sending them back and willingness to have social intimacy with them increase. Finally, allowing refugees and asylum seekers settle in Turkey and their impact on the Turkish economy, support for not sending them back and willingness to have social intimacy are positively correlated. As support for one increases or a positive attitude towards one of them develops, support for and attitudes towards the others are also affected positively.<\/p>\r\n\r\n\r\n\r\n<h2 class=\"wp-block-heading\">DISCUSSION<\/h2>\r\n\r\n\r\n\r\n<p>Findings of this study conducted in Diyarbak\u0131r, Van, \u015e\u0131rnak, Izmir and Istanbul give us the following important insights about the perceptions and attitudes of the Kurdish Generation Z towards refugees and asylum seekers.<\/p>\r\n\r\n\r\n\r\n<p>First of all, approximately half of the respondents\u00a0<em>object to refugees and asylum seekers coming and settling in Turkey, and similar percentage of respondents support repatriation of refugees to their home countries.<\/em>\u00a0The respondents\u2019 answers to the question \u2018why\u2019 do not only explain why this request should not be allowed but also reveals their\u00a0<em>hostile, dehumanizing attitudes bordering on hate speech towards refugees and asylum seekers.\u00a0<\/em>This is also frequently seen in other experiences and in the literature in the world. In other words, taken into account their social identities (Tajfel, 1978), refugees and asylum seekers are considered by the citizens of the country they settle in as individuals or groups that threaten wealth, peace, economy of the country, cause unemployment and limit their living spaces and therefore become targets for exclusion and sometimes mass hate and rage (Judd and Park, 2005;Schneider, 2008).When faced with such an excluding, hostile attitude sociocultural, economic, individual differences and human capacities of refugees and asylum seekers are mostly ignored and they are treated as a homogenous group and negative attitudes and perceptions are generalized (Simon 1992).It is possible to consider this as the reason why approximately half of the Kurdish generation Z included in our study believe that refugees and asylum seekers should not be allowed to come and settle in Turkey.<\/p>\r\n\r\n\r\n\r\n<p>On the other hand, approximately one in every five respondents answered that refugees and asylum seekers should be allowed to come and settle in Turkey which shows that there are\u00a0<em>different attitudes towards refugees and asylum seekers in the Kurdish Generation Z and these are based on religious, humane and right based approach.\u00a0<\/em>In this sense, a significant percentage of the Kurdish generation Z believes that\u00a0<em>taking refuge is a legitimate right that should be supported\u00a0<\/em>despite widespread anti-refugee environment in the country, which is important and noteworthy.<\/p>\r\n\r\n\r\n\r\n<p>Respondents from Izmir and Istanbul showed more support for allowing refugees and asylum seekers to come and settle in Turkey more than the respondents in other cities and it will not be wrong to say that\u00a0<em>internal migration experience, socioeconomic development level and an environment in which people from different cultures living together in these cities may have played a role in this.\u00a0<\/em>Contrary to this, this support is especially low in \u015e\u0131rnak and Van. Van is a city where refugees and asylum seekers especially from Afghanistan, Iran and Pakistan live temporarily and therefore\u00a0<em>social interaction between the local community and refugees and asylum seekers is limited<\/em>\u00a0and \u015e\u0131rnak is a\u00a0<em>border town that is not socioculturally very diverse and has been witnessing violent conflicts<\/em>\u00a0since 1990s, especially those in North East Syria\/Rojava in the last decade and these could be a reason for low support in these cities. Additionally both of the cities are less developed compared to other cities, especially Istanbul and Izmir (Acar et. al., 2019);<\/p>\r\n\r\n\r\n\r\n<p><em>A higher percentage of female respondents support allowing refugees and asylum seekers to settle in Turkey compared to male respondents<\/em>\u00a0which contradicts with the findings of the other studies done in Turkey and in Europe (Erdo\u011fan, 2022; T\u00fcmta\u015f, 2020; Ponce, 2017; Chieppa, 2021).Female respondents included in this study support the rights of refugees and asylum seekers more and one of the reasons for this is that\u00a0<em>Kurdish women are one of the most oppressed groups in a nationalist and capitalist socioeconomic and patriarchal order<\/em>\u00a0so with their personal experience they can relate with the injustice, unlawfulness, oppression and exclusion and outcomes of these faced by refugees and asylum seekers. Recently 82 organizations and 635 women in Turkey told, in a statement they made, \u201ctargeting refugees and asylum seekers is one of the methods used by the government to divert the anger built of with the existing socio-economic problems in every part of the society and to camouflage government\u2019s responsibility\u201d and object to rationalizing racial discourse against refugees with \u201csafety of women\u201d in Turkey (Duvar, 2022).\u00a0<em>Men see refugees and asylum seekers as members of an \u2018external group\u2019 which they should compete for access to limited sources especially in the labor market\u00a0<\/em>and this is one of the main reasons why they have more negative attitudes towards refugees and asylum seekers (Mayda, 2006).<\/p>\r\n\r\n\r\n\r\n<p><em>Support for allowing refugees and asylum seekers to come and settle in Turkey is higher among respondents with higher education levels compared to those with lower education.\u00a0<\/em>This may be due to several reasons. Respondents who have a higher education level are more likely\u00a0<em>to be informed about the living conditions of the refugees and asylum seekers in their home countries and in Turkey because they use multiple information sources; to have interacted with people with different ethnical, religious and sociocultural background during their long education and learned that being a refugee and asylum seeker is a basic human right in their educational and social environment.\u00a0<\/em>Furthermore, existing studies underline that citizens with high level of education do not see refugees and asylum seekers as rivals, which can play a role here (Kunovich, 2004; Semyonov et. al., 2006). Therefore\u00a0<em>members of the Kurdish Generation Z with a high education level is likely to see refugees and asylum seekers as a non-risk group for them<\/em>\u00a0because they may think that they do not have the capital to compete with them and therefore do not see them as a threat.<\/p>\r\n\r\n\r\n\r\n<p>Additionally low support for refugees and asylum seekers to come and settle in Turkey among respondents who are religious demonstrates that ensar-muhacir reference used by the government does not resonate with the Kurdish generation Z, unlike the general public (Erdo\u011fan, 2017). Considering the fact that a significant percentage of the respondents report that they believe in Islam and majority of the refugees and asylum seekers in Turkey come from Islamic countries, it is possible to conclude that\u00a0<em>believing in the same religion does not result in a positive attitude towards refugees and asylum seekers in the Kurdish generation Z.\u00a0<\/em>The study demonstrates that more than half of the respondents\u00a0<em>think that refugees should be returned to their countries despite knowing that there are life threatening conditions in these countries.<\/em><\/p>\r\n\r\n\r\n\r\n<p>When we look at the difference between cities,\u00a0<em>respondents from Istanbul, Izmir and Diyarbak\u0131r respectively give significantly more support for not sending refugees back compared to the respondents from Van and \u015e\u0131rnak. Istanbul and Izmir are mega cities that already have a high number of refugees and asylum seekers and a majority of refugees in Diyarbak\u0131r come from North and East Syria, from Rojava and the city plays an important role in Kurdish political-social rights demands and activism and these can explain higher support in these cities<\/em><em>.<\/em><\/p>\r\n\r\n\r\n\r\n<p>Similar to the results for residence permit,\u00a0<em>support for sending refugees back is lower among female respondents compared to male respondents and support for not sending refugees back is higher.\u00a0<\/em>Women and children are the most affected groups in a war\/conflict zone although they are not involved in these conflicts (Kangas et. al., 2014; Da\u015fl\u0131 et. al., 2016) and refugees are rivals for men who dominate the labor market (T\u00dc\u0130K 2022) and refugees fleeing to Turkey are described as \u201ccowards or traitors \u201c (Duman, 2021a), which all could have affected this result.<\/p>\r\n\r\n\r\n\r\n<p><em>Despite Geneva Convention which states that refugees should not be returned to a country where they face serious threats to their life or freedom, a significant percentage of the respondents give varying levels of support to repatriation of refugees which shows that the Kurdish generation Z deny refugees\u2019 access to rights<\/em>\u00a0(Arendt, 1968).<\/p>\r\n\r\n\r\n\r\n<p>Similar to the questions about residence permit,\u00a0<em>less educated respondents give more support for sending refugees back, support for sending refugees is lower in respondents with higher education.\u00a0<\/em>This is also explained by the fact that higher education allows better access to a variety of information sources and have different perspectives and a likelihood to discuss the subject with a wider angle.<\/p>\r\n\r\n\r\n\r\n<p>Additionally,\u00a0<em>those who do not belong to a religion give more support for sending refugees back compared to those who belong to a religion.<\/em>\u00a0This also shows that \u2018<em>religious fellowship<\/em>\u2019 is not an\u00a0<em>important motivation<\/em>\u00a0for the Kurdish generation Z members who believe in a religion.<\/p>\r\n\r\n\r\n\r\n<p>A significant percentage of the respondents\u00a0<em>believe that it would be generally bad for the Turkish economy if people with low socioeconomic status and\/or coming from conflict zones are allowed to settle in Turkey as refugees or asylum seekers.\u00a0<\/em>There is\u00a0<em>no significant difference\u00a0<\/em>among respondents according to\u00a0<em>gender, education level and income level.<\/em>\u00a0When the respondents are asked why they think this way,\u00a0<em>majority of the respondents answer that they will be a burden for the economy on top of the existing economic crisis, increase unemployment, and competition since refugees and asylum seekers are used as cheap labour.<\/em>\u00a0These statements are related with the economic crisis and unemployment in two ways.<\/p>\r\n\r\n\r\n\r\n<p>First;\u00a0<em>the labour system which exploits refugees and asylum seekers and forces them to work as cheap labour causes a competition between the members of the local community and refuges and asylum seekers\u00a0<\/em>(T\u00fcmta\u015f, 2020). In other words, just like any person who needs to work to make a living in Turkey, every refugee and asylum seeker has to work however\u00a0<em>what is responsible for this unfair competition is the conditions and employers that force them to work in precarious jobs, with lower pays and for longer hours.<\/em>\u00a0There is a risk for the country\u2019s citizens when refugees and asylum seekers are employed under these conditions and when this is normalized because capital owners and employers impose the same conditions also for the citizens and those who do not accept these are excluded from the labour force. Second,\u00a0<em>there is an undeniable economic crisis in Turkey and citizens do not know how to deal with this crisis but the real culprit here are not the refugees and asylum seekers.\u00a0<\/em>The government\u2019s \u2018debt based speculative growth model which has proven to be unsustainable\u2019 (Erin\u00e7 Yeldan and \u00dcn\u00fcvar, 2016:11), \u2018anti-west discourse which makes cooperation with international financial institutions more difficult causing a negative effect on inflation and value of the Turkish Lira\u2019 (Zengin and Ongur, 2019) and populist policies based on\u00a0<em>us vs. them<\/em>\u00a0which hollow out institutional infrastructure and decision making mechanisms are some of the main reasons of the current economic crisis. In addition to the above, the Covid-19 pandemic and the Turkish government\u2019s direct support in the conflicts between Syria, Yemen, Libya and Azerbaijan &#8211; Armenia and war budget and oppression policies on the democratic demands of different groups based on threat-safety reasons have increased the burden of the economic crisis.<\/p>\r\n\r\n\r\n\r\n<p>During these developments and although financial support especially for Syrian refugees is provided by international funds (M\u00fclteciler Derne\u011fi, 2021),\u00a0<em>government representatives\u2019 statements that \u201cthe government spent USD 30 billion for Syrians\u201d\u00a0<\/em>(AA, 2017)\u00a0<em>and opposition parties\u2019 claims that the spendings are much higher than this<\/em>\u00a0(Independent T\u00fcrk\u00e7e, 2021; Cumhuriyet, 2022)\u00a0<em>are one of the main factors that cause a negative attitude towards refugees and asylum seekers in the public in Turkey<\/em>. One of the main concerns of the public in this environment where there is uncertainty and no accountability is that the budget which they believe should be reserved for them is reserved \u2018for those that are not from here\u2019 (Duman and G\u00fcm\u00fc\u015fba\u015f, 2022). However\u00a0<em>neither the government tells where, how and when this total is spent as claimed nor the opposition parties accept that the budget spent for Syrians comes from international funds and share this information with the public.<\/em><\/p>\r\n\r\n\r\n\r\n<p>Regarding granting citizenship; when respondents are compared according to city and gender, similar results are observed.\u00a0<em>Respondents from Diyarbak\u0131r, Istanbul and Izmir support the idea of granting citizenship to refugees and asylum seekers more than the respondents from Van and \u015e\u0131rnak and female respondents support this idea more than male respondents.<\/em>\u00a0The reason for this, as told above, can be too many common negative experiences the respondents living in these cities and female respondents have with refugees and asylum seekers. These negative experiences include discrimination, exclusion and feeling oppressed and additionally Istanbul and Izmir being two cities that have been receiving internal and external migration could also have an effect.<\/p>\r\n\r\n\r\n\r\n<p>Regarding discrimination factor;\u00a0<em>respondents who claim that there is discrimination in Turkey and\/or they belong to a group that is being discriminated support granting citizenship to refugees and asylum seekers slightly more than the respondents who claim that there is no discrimination in Turkey and\/or they do not belong to a group that is being discriminated.<\/em>\u00a0Similarly\u00a0<em>as sociopolitical concern level and interest in politics increase among respondents, their support for the rights of refugees and asylum seekers also increases.\u00a0<\/em>One of the reasons for this result is that respondents who have been discriminated and\/or felt the discrimination of their group or have experienced similar sociopolitical concerns with refugees and asylum seeker can show empathy towards refugees and asylum seekers who are discriminated in various ways, at different times and in different contexts (Mealy and Stephan, 2010).<\/p>\r\n\r\n\r\n\r\n<p>Regarding social relationships;\u00a0<em>approximately one fourth of the respondents answer that they can be friends, neighbours and colleagues with refugees and asylum seekers; although we could not verify whether they already had such a relationship, this is very important for communication and interaction among groups.<\/em>\u00a0Another point worth mentioning is that\u00a0<em>as social intimacy level increases, less number of respondents report that they would have such a relationship.<\/em>\u00a0Almost fifty percent decrease in percentages in willingness to have a romantic relationship, to marry and be roommates is an indication of this.<\/p>\r\n\r\n\r\n\r\n<p><em>A significant percentage of the respondents do not have a right based approach, which suggests a worrying trend.<\/em>\u00a0The present study presents findings similar to previous studies and research on the Generation Z in Turkey and respondents in this study see asylum seekers and respondents as a risk or threat for employment, peace and wealth of the society in the country and explain it with false facts, which all show that\u00a0<em>adjectives used for the Generation Z such as \u201cfreedom-lover\u201d, and \u201ccreative\u201d do not apply when it comes to asylum seekers and refugees.<\/em><\/p>\r\n\r\n\r\n\r\n<p>Finally when we look at the results in general,\u00a0<em>approximately 20-30% of the respondents give the answer \u201cI am not sure\u201d to the questions about refugees and asylum seekers.<\/em>\u00a0This percentage is at a critical level for such a young population. The areas covered by this study concern this age group because if refugees and asylum seekers are going to stay in the country, they will see and meet them in all areas of life in the future. This can be one of the consequences of manipulation and disinformation in the public caused by anti-refugee propaganda and policies and discussions in the media and politics. We at Spectrum House, showed that\u00a0<em>this is strongly related with the fact that respondents are not interested in politics in general and members of this generation have a \u201cdepolitical\u201d attitude in our report about Kurdish generation Z<\/em>. As shown in this report,\u00a0<em>it can be concluded that as interest in politics increase, respect for the rights of refugees and asylum seekers and willingness to have relations with them also increases.<\/em><\/p>\r\n\r\n\r\n\r\n<h2 class=\"wp-block-heading\">POLICY RECOMMENDATIONS<\/h2>\r\n\r\n\r\n\r\n<p>Based on the findings and discussions about the Kurdish generation Z\u2019s perceptions and attitudes towards refugees and asylum seekers; we believe that the following list of recommendations should be considered by policy-makers and by the public affected by these policies.<\/p>\r\n\r\n\r\n\r\n<ul class=\"wp-block-list\">\r\n<li>Representatives of the government bodies and opposition parties should provide correct information to the public about why refugees and asylum seekers come to Turkey, under what conditions they live and work, their legal status and rights.<\/li>\r\n<li>Local and international nongovernmental organizations, humanitarian aid organizations and local governments should organize sociocultural and sports activities which bring refugees and asylum seekers together with the local communities, especially with the young generation. These organizations and governments should build sustainable socioeconomic support mechanisms that will facilitate communication and interactions between individuals and groups.<\/li>\r\n<li>Educational institutions where young generations spend an important part of their day should provide courses and lessons on the meaning of asylum seeker and refugee, on who and for what reasons migrate to or seek asylum in Turkey and in other countries, what socioeconomic, cultural and political consequences of these movements are and why right based approach is important and why this approach should be used in every area of life.<\/li>\r\n<li>Similarly, a comprehensive campaign should be started on social media platforms to provide information about right based approach and why this is necessary for the rights and demands of refugees, asylum seekers and the general public.<\/li>\r\n<li>HDP party should develop policies in line with their core goals and objectives to prevent racist, hostile and discriminatory perceptions and attitudes of the Kurdish generation Z a majority of whom claim that they will vote for HDP. HDP should implement the principles, goals and policies that the party has determined for the refugees and asylum seekers abroad also for the refugees and asylum seekers in\u00a0<sup><a href=\"#footnote-000\">3<\/a><\/sup>Kurdish cities and in the big cities where Kurdish population is high.<\/li>\r\n<li>HDP which describes itself as \u201ca political party where all suppressed and exploited; excluded and ignored peoples and communities, women, workers, workingmen, disabled people, LGBT individuals, refugees, those whose living spaces are destroyed, intellectuals, writers, artists and scientists and all powers fighting for these people get together to eliminate all kinds of oppression, exploitation and discrimination and live with dignity aiming to build a democratic people\u2019s government\u201d should ensure an organization that includes refugees and asylum seekers to protect their rights, respect their demands and allow them to live with dignity in the Kurdish Society; protect and promote the rights of refugees and asylum seekers by having direct communication and contact with the public and voters in addition to congress meeting and social media platforms.<\/li>\r\n<li>Parties and actors outside the government should abandon their anti-refugee propaganda that encourages violence and includes hate language for the purpose of getting more votes in the coming elections and ask for answers from the government which makes life difficult for refugees and asylum seekers for their own benefit. Both the government and the opposition parties should ensure that they comply with the requirements of international laws and conventions and respect basic human rights in their policies that aim to eliminate the adverse conditions that make things difficult for refugees, asylum seekers and Turkish citizens.<\/li>\r\n<li>Panels, symposium, conferences and workshops with experts on the field should be organized, actions should be taken to create awareness in many areas from the main problems of refugees and asylum seekers such as accommodation, facilitation of integration policies, to services in mother language and cultural and social peace.<\/li>\r\n<li>Local governments\u2019 means and tools should be used and more authority and financial sources should be transferred to local governments to find solutions to problems related with refugees and asylum seekers. Experiences of local governments and local communities in the nations of the world that have gone through similar processes should be studied and used as references.<\/li>\r\n<li>Refugees and asylum seekers should be included in the process to listen to and understand their stories and experiences to take effective and conclusive actions in matters related with refugees and asylum seekers.<\/li>\r\n<li>Public awareness should be raised and public should be informed about hate speech, hostility, marginalization and xenophobia; deterrent legal measures should be taken to prevent manipulation and disinformation.<\/li>\r\n<li>Experiences that showcase comparisons that emphasize universal characteristics of rights and legal status should be discussed. Actions should be taken to develop empathy and to prevent hostile policies and dehumanization by using the experiences of communities and groups that have had similar migration experiences.<\/li>\r\n<li>Actions that prevent manipulations of discriminatory and racist groups in matters related with refugees and asylum seekers should be taken, refugees and asylum seekers should not be considered as groups that disturb the public but as communities that we can live together and in peace.<\/li>\r\n<li>All members of the public including the Kurdish population and members of the Kurdish generation Z should be provided correct information on refugees and migration, public awareness should be promoted on basic rights and freedoms taking into consideration their reasonable demands and concerns.<\/li>\r\n<\/ul>\r\n\r\n\r\n\r\n<h3 class=\"wp-block-heading\"><br \/>References<\/h3>\r\n\r\n\r\n\r\n<p style=\"font-size: 11px;\">AA. (2017). Ba\u015fbakan Yard\u0131mc\u0131s\u0131 Akda\u011f: Suriyeliler i\u00e7in harcanan toplam maliyet 84 milyar 880. https:\/\/www.aa.com.tr\/tr\/ekonomi\/basbakan-yardimcisi-akdag-suriyeliler-icin-harcanan-toplam-maliyet-84-milyar-880-milyon-lira\/990509<\/p>\r\n\r\n\r\n\r\n<p style=\"font-size: 11px;\">Acar, S., Bilen Kazanc\u0131k, L., Meydan, M. C., ve I\u015f\u0131k, M. (2019). \u0130llerin ve b\u00f6lgelerin sosyo-ekonomik geli\u015fmi\u015flik s\u0131ralamas\u0131 ara\u015ft\u0131rmas\u0131 SEGE-2017. Kalk\u0131nma Ajanslar\u0131 Genel M\u00fcd\u00fcrl\u00fc\u011f\u00fc. https:\/\/www.sanayi.gov.tr\/merkez-birimi\/b94224510b7b\/sege\/il-sege-raporlari<\/p>\r\n\r\n\r\n\r\n<p style=\"font-size: 11px;\">Arendt, H. (1968). The Origins of Totalitarianism. New York: Harcourt Brace Jovanich.<\/p>\r\n\r\n\r\n\r\n<p style=\"font-size: 11px;\">Ar\u0131san, M. (2022). Populism, victimhood and Turkish foreign policy under AKP rule. Turkish Studies, 1\u201320. https:\/\/doi.org\/10.1080\/14683849.2022.2106131<\/p>\r\n\r\n\r\n\r\n<p style=\"font-size: 11px;\">Broadbent, . E., Gougoulis, J., Lui, N., Pota, V., ve Simons, J. (2017). Generation Z: Global Citizenship Survey January 2017. Varkey Foundation. https:\/\/www.varkeyfoundation.org\/media\/4487\/global-young-people-report-single-pages-new.pdf<\/p>\r\n\r\n\r\n\r\n<p style=\"font-size: 11px;\">Chieppa, L. M. (2021). Gender Equality and Attitudes towards Immigrants in Europe: A Cross-national Analysis. The Barcelona Centre for European Studies (BACES). https:\/\/repositori.upf.edu\/bitstream\/handle\/10230\/49117\/BACES_WP_04-2021_%20Chieppa.pdf?sequence=1&amp;isAllowed=y<\/p>\r\n\r\n\r\n\r\n<p style=\"font-size: 11px;\">Cumhuriyet. (2022). CHP\u2019li Toprak: Suriyelilerin T\u00fcrkiye\u2019ye faturas\u0131 50 de\u011fil 250 milyar. https:\/\/www.cumhuriyet.com.tr\/turkiye\/chpli-toprak-suriyelilerin-turkiyeye-faturasi-50-degil-250-milyar-1928102<\/p>\r\n\r\n\r\n\r\n<p style=\"font-size: 11px;\">\u00c7akmakl\u0131, C., Demiralp, S., Ye\u015filta\u015f, S., &amp; Y\u0131ld\u0131r\u0131m, M. A. (2021). An Evaluation of the Turkish Economy during COVID-19. Centre for Applied Turkey Studies. https:\/\/www.swp-berlin.org\/publications\/products\/arbeitspapiere\/CATS__Working_Paper_Nr_1_2021_Cakmakli_Demiralp_Yesiltas_Yildirim.pdf<\/p>\r\n\r\n\r\n\r\n<p style=\"font-size: 11px;\">Da\u015fl\u0131, G., Al\u0131c\u0131, N., ve Flader, U. (2016). Kad\u0131nlar\u0131n Bar\u0131\u015f M\u00fccadelesinde D\u00fcnya Deneyimleri S\u0131rbistan, Kosova, Sri Lanka, Suriye. Ankara: DEMOS Ara\u015ft\u0131rma Merkezi Yay\u0131nlar\u0131.<\/p>\r\n\r\n\r\n\r\n<p style=\"font-size: 11px;\">Deloitte. (2022). Striving for balance, advocating for change: The Deloitte Global 2022 Gen Z &amp; Millennial Survey. Deloitte. https:\/\/www2.deloitte.com\/content\/dam\/Deloitte\/global\/Documents\/deloitte-2022-genz-millennial-survey.pdf<\/p>\r\n\r\n\r\n\r\n<p style=\"font-size: 11px;\">Duman, Y. (2021a). Friendship, Diversity, and Inequality: A multidimensional analysis of integration and intergroup relations in the context of Syrian refugees in Turkey [Unpublished doctoral dissertation]. Coventry University.<\/p>\r\n\r\n\r\n\r\n<p style=\"font-size: 11px;\">Duman, Y. (2021b). In Turkey, life for Syrian refugees and Kurds is becoming increasingly violent. The Conversation. https:\/\/theconversation.com\/in-turkey-life-for-syrian-refugees-and-kurds-is-becoming-increasingly-violent-147704<\/p>\r\n\r\n\r\n\r\n<p style=\"font-size: 11px;\">Duman, Y. (2022). Sonu Gelmeyecek Bir Hik\u00e2ye Yazmak: Suriyeli S\u0131\u011f\u0131nmac\u0131lar ve Yerel Toplum \u0130\u00e7in Politika \u00d6nerileri. \u0130stanbul: Spectrum House.<\/p>\r\n\r\n\r\n\r\n<p style=\"font-size: 11px;\">Duman, Y. ve G\u00fcm\u00fc\u015fba\u015f, A. (2022, 6 A\u011fustos). S\u0131\u011f\u0131nmac\u0131lar\u0131n haklara sahip olma hakk\u0131n\u0131n ink\u00e2r\u0131. \u0130nsan Haklar\u0131 Okulu Blog. https:\/\/blog.insanhaklariokulu.org\/siginmacilarin-haklara-sahip-olma-hakkinin-inkari\/<\/p>\r\n\r\n\r\n\r\n<p style=\"font-size: 11px;\">Duvar. (2022). Kad\u0131n \u00f6rg\u00fctleri: G\u00f6\u00e7menlere sald\u0131rmak i\u00e7in bizi kullanmay\u0131n. https:\/\/www.gazeteduvar.com.tr\/kadin-orgutleri-gocmenlere-saldirmak-icin-bizi-kullanmayin-haber-1565811<\/p>\r\n\r\n\r\n\r\n<p style=\"font-size: 11px;\">Erdo\u011fan, M. M. (2017). Suriyeliler Barometresi: \u2018Suriyelilerle Uyum \u0130\u00e7inde Ya\u015fam\u0131n \u00c7er\u00e7evesi\u2019. Ankara: Hacettepe \u00dcniversitesi G\u00f6\u00e7 ve Siyaset Ara\u015ft\u0131rmalar\u0131 Merkezi.<\/p>\r\n\r\n\r\n\r\n<p style=\"font-size: 11px;\">Erdo\u011fan, M. M. (2020). Syrians Barometer 2019: A Framework for Achieving Social Cohesion with Syrians in Turkey. Ankara: Orion Kitabevi.<\/p>\r\n\r\n\r\n\r\n<p style=\"font-size: 11px;\">Erdo\u011fan, M. M. (2022). Suriyeliler Barometresi-2020: Suriyelilerle uyum i\u00e7inde ya\u015fam\u0131n \u00e7er\u00e7evesi. Ankara: E\u011fiten Kitap Yay\u0131nc\u0131l\u0131k.<\/p>\r\n\r\n\r\n\r\n<p style=\"font-size: 11px;\">Erin\u00e7 Yeldan, A. and \u00dcn\u00fcvar, B. (2016). An Assessment of the Turkish Economy in the AKP Era. Research and Policy on Turkey, 1(1), 11\u201328.<\/p>\r\n\r\n\r\n\r\n<p style=\"font-size: 11px;\">Galtung, J. (1990b). Cultural Violence. Journal of Peace Research, 27(3), 291\u2013305. https:\/\/doi.org\/10.1177\/0022343390027003005<\/p>\r\n\r\n\r\n\r\n<p style=\"font-size: 11px;\">Independent T\u00fcrk\u00e7e. (2017). \u0130Y\u0130 Partili \u00d6zda\u011f, Suriyeli m\u00fcltecilerin ger\u00e7ek maliyetinin 80 milyar dolar\u0131n \u00fczerinde oldu\u011funu iddia etti. https:\/\/www.indyturk.com\/node\/222946\/siyaset\/iyi-partili-%C3%B6zda%C4%9F-suriyeli-m%C3%BCltecilerin-ger%C3%A7ek-maliyetinin-80-milyar-dolar%C4%B1n<\/p>\r\n\r\n\r\n\r\n<p style=\"font-size: 11px;\">Judd, C. M., &amp; Park, B. (2005). Group Differences and Stereotype Accuracy. \u0130\u00e7inde J. F. Dovidio, P. Glick, &amp; L. Rudman (Eds.), On the Nature of Prejudice: Fifty Years after Allport (pp. 136\u2013151). Blackwell Publishing.<\/p>\r\n\r\n\r\n\r\n<p style=\"font-size: 11px;\">Kangas, A., Haider, H., and Fraser, E. (2014). Gender: Topic Guide. Revised edition with E. Browne. Birmingham: GSDRC, University of Birmingham, UK.<\/p>\r\n\r\n\r\n\r\n<p style=\"font-size: 11px;\">Konrad-Adenauer-Stiftung. (2022). T\u00fcrkiye Gen\u00e7lik Ara\u015ft\u0131rmas\u0131 2021. \u0130stanbul: Konrad-Adenauer-Stiftung.<\/p>\r\n\r\n\r\n\r\n<p style=\"font-size: 11px;\">Kunovich, R. M. (2004). Social structural position and prejudice: an exploration of cross-national differences in regression slopes. Social Science Research, 33(1), 20\u201344. https:\/\/doi.org\/10.1016\/s0049-089x(03)00037-1<\/p>\r\n\r\n\r\n\r\n<p style=\"font-size: 11px;\">Mayda, A. M. (2006). Who is against immigration? A cross-country investigation of individual attitudes toward immigrants. The review of Economics and Statistics, 88(3), 510-530.<\/p>\r\n\r\n\r\n\r\n<p style=\"font-size: 11px;\">Mealy, M., &amp; Stephan, W. G. (2010). Intergroup Empathy. \u0130\u00e7inde J. M. Levine &amp; M. A. Hogg (Eds.), Encyclopedia of Group Processes &amp;Intergroup Relations (Vols. 1 and 2, pp. 475\u2013477). Los Angeles: Sage.<\/p>\r\n\r\n\r\n\r\n<p style=\"font-size: 11px;\">M\u00fclteciler Derne\u011fi. (2021). Avrupa Birli\u011finin Suriyeliler \u0130\u00e7in T\u00fcrkiye\u2019ye \u00d6dedi\u011fi Para. https:\/\/multeciler.org.tr\/avrupa-birliginin-suriyeliler-icin-turkiyeye-odedigi-para\/<\/p>\r\n\r\n\r\n\r\n<p style=\"font-size: 11px;\">M\u00fclteciler Derne\u011fi. (t.y.). Suriyelilerle \u0130lgili Do\u011fru Bilinen Yanl\u0131\u015flar. M\u00fclteciler Derne\u011fi. https:\/\/multeciler.org.tr\/suriyelilerle-ilgili-dogru-bilinen-yanlislar\/<\/p>\r\n\r\n\r\n\r\n<p style=\"font-size: 11px;\">OECD. (2021). OECD Economic Surveys: Turkey 2021. https:\/\/www.oecd-ilibrary.org\/sites\/2cd09ab1-en\/index.html?itemId=\/content\/publication\/2cd09ab1-en<\/p>\r\n\r\n\r\n\r\n<p style=\"font-size: 11px;\">OECD. (2022). Young Population. https:\/\/data.oecd.org\/pop\/young-population.htm<\/p>\r\n\r\n\r\n\r\n<p style=\"font-size: 11px;\">ORC. (2022). \u0130lk kez oy kullanacak se\u00e7menlere soruldu. https:\/\/orcarastirma.com.tr\/port-folio\/ilk-kez-oy-kullanacak-secmenlere-soruldu\/<\/p>\r\n\r\n\r\n\r\n<p style=\"font-size: 11px;\">\u00d6zdemir, Y. (2020). AKP\u2019s neoliberal populism and contradictions of new social policies in Turkey. Contemporary Politics, 26(3), 245\u2013267. https:\/\/doi.org\/10.1080\/13569775.2020.1720891<\/p>\r\n\r\n\r\n\r\n<p style=\"font-size: 11px;\">Ponce, A. (2017). Gender and Anti-immigrant Attitudes in Europe. Socius: Sociological Research for a Dynamic World, 3, 237802311772997. https:\/\/doi.org\/10.1177\/2378023117729970<\/p>\r\n\r\n\r\n\r\n<p style=\"font-size: 11px;\">Rehavio\u011flu, R., U\u00e7ak, E., Ekinci, Y., &amp; Girasun, R. (2022). K\u00fcrtlerde De\u011ferler ve Tutumlar Ara\u015ft\u0131rmas\u0131 2021. Diyarbak\u0131r: K\u00fcrt \u00c7al\u0131\u015fmalar\u0131 Merkezi.<\/p>\r\n\r\n\r\n\r\n<p style=\"font-size: 11px;\">Schneider, S. L. (2008). Anti-immigrant attitudes in Europe: Outgroup size and perceived ethnic threat. European Sociological Review, 24(1), 53-67.<\/p>\r\n\r\n\r\n\r\n<p style=\"font-size: 11px;\">Semyonov, M., Raijman, R., &amp; Gorodzeisky, A. (2006). The Rise of Anti-foreigner Sentiment in European Societies, 1988\u20132000. American Sociological Review, 71(3), 426\u2013449. https:\/\/doi.org\/10.1177\/000312240607100304<\/p>\r\n\r\n\r\n\r\n<p style=\"font-size: 11px;\">Simon, B. (1992). The Perception of Ingroup and Outgroup Homogeneity: Reintroducing the Intergroup Context. European Review of Social Psychology, 3(1), 1\u201330. https:\/\/doi.org\/10.1080\/14792779243000005<\/p>\r\n\r\n\r\n\r\n<p style=\"font-size: 11px;\">Sonmez, M. (2019). Suriyelilere 40 milyar dolar harcand\u0131 m\u0131? Al-Monitor. https:\/\/www.al-monitor.com\/tr\/contents\/articles\/originals\/2019\/10\/turkey-syria-40-billion-refugee-bill-calls-for-explanation.html<\/p>\r\n\r\n\r\n\r\n<p style=\"font-size: 11px;\">sparks &amp; honey. (2020). Gen Z Complexities: You\u2019ve Only Heard Half The Story. sparks &amp; honey. https:\/\/www.sparksandhoney.com\/reports-list\/2022\/4\/12\/gen-z-complexities<\/p>\r\n\r\n\r\n\r\n<p style=\"font-size: 11px;\">Spectrum House. (2022). K\u00fcrt Z Ku\u015fa\u011f\u0131. Spectrum House. http:\/\/spectrumhouse.com.tr\/kurt-z-kusagi\/<\/p>\r\n\r\n\r\n\r\n<p style=\"font-size: 11px;\">\u015ear, E. &amp; Kuru, N. (2020). \u0130stanbul\u2019da Suriyeli S\u0131\u011f\u0131nmac\u0131lara Y\u00f6nelik Tutumlar. \u0130stanbul: \u0130stanPoll.<\/p>\r\n\r\n\r\n\r\n<p style=\"font-size: 11px;\">Tajfel, H. (Ed.). (1978). Differentiation between social groups: Studies in the social psychology of intergroup relations. Academic Press.<\/p>\r\n\r\n\r\n\r\n<p style=\"font-size: 11px;\">T\u00dc\u0130K (2022). \u0130statstklerle Gen\u00e7lk, 2021. https:\/\/data.tuik.gov.tr\/Bulten\/Index?p=Istatistiklerle-Genclik-2021-45634<\/p>\r\n\r\n\r\n\r\n<p style=\"font-size: 11px;\">T\u00dc\u0130K. (2022). Toplumsal Cinsiyet \u0130statistikleri 2021. T\u00fcrkiye \u0130statistik Kurumu. https:\/\/www.tuik.gov.tr\/media\/announcements\/toplumsal_cinsiyet_istatistikleri_2021.pdf<\/p>\r\n\r\n\r\n\r\n<p style=\"font-size: 11px;\">T\u00fcmta\u015f, M. S. (2020). N\u00f6betle\u015fe D\u0131\u015flanma: G\u00f6\u00e7 ve Sosyal D\u0131\u015flanma D\u00f6ng\u00fcs\u00fc. \u0130stanbul: \u0130leti\u015fim Yay\u0131nlar\u0131.<\/p>\r\n\r\n\r\n\r\n<p style=\"font-size: 11px;\">UNHCR. (2022). Turkey Facts. https:\/\/www.unhcr.org\/tr\/wp-content\/uploads\/sites\/14\/2022\/03\/UNHCR-Turkey-Factsheet-February-2022.pdf<\/p>\r\n\r\n\r\n\r\n<p style=\"font-size: 11px;\">World Bank. (2022). Military expenditure (% of GDP) \u2013 Turkiye. https:\/\/data.worldbank.org\/indicator\/MS.MIL.XPND.GD.ZS?locations=TR<\/p>\r\n\r\n\r\n\r\n<p style=\"font-size: 11px;\">Y\u0131lmaz, B. &amp; Uluda\u011f G\u00fcler, \u00c7. (2020a). T\u00fcrkiye\u2019deki Suriyeli g\u00f6\u00e7menlerin istihdam\u0131na Y ve Z ku\u015fa\u011f\u0131n\u0131n bak\u0131\u015f\u0131: Bir alan ara\u015ft\u0131rmas\u0131. Trakya \u00dcniversitesi \u0130ktisadi ve \u0130dari Bilimler Fak\u00fcltesi E-Dergi, 9(1), 21-42.<\/p>\r\n\r\n\r\n\r\n<p style=\"font-size: 11px;\">Zengin, H. and Ongur, H. O. (2019). How sovereign is a populist? The nexus between populism and political economy of the AKP. Turkish Studies, 1\u201318.<\/p>\r\n\r\n\r\n<hr class=\"wp-block-separator has-alpha-channel-opacity\" \/>\r\n\r\n\r\n<p id=\"footnote-002\"><a href=\"#footnote-002-backlink\">1<\/a>. KONDA\u2019s research in 2020 cannot be accessed online however the interview of Bekir A\u011f\u0131rd\u0131r, Managing Director of KONDA can be found by clicking on the following link: https:\/\/www.krttv.com.tr\/gundem\/konda-dan-z-kusagi-arastirmasi-h39704.html<\/p>\r\n\r\n\r\n\r\n<p><a href=\"#footnote-001-backlink\">2<\/a>. Similarly, no online access is available to the research conducted by Y\u00f6neylem Ara\u015ft\u0131rma in 2022 but the results of this research can be found on the following link: https:\/\/www.youtube.com\/watch?v=0NlNf1TnukY&amp;ab_channel=Medyascope<\/p>\r\n\r\n\r\n\r\n<p><a href=\"#footnote-000-backlink\">3<\/a>. The party constitution of the People\u2019s Democratic Party (HDP) dated 2014 can be viewed by clicking on the following link: https:\/\/hdp.org.tr\/tr\/parti-tuzugu\/10\/<\/p>\r\n","protected":false},"excerpt":{"rendered":"<p>This study focuses on the dynamics that shape the view of the members of Kurdish generation Z on \u201cforeigners\u201d , \u201cothers\u201d within the context of refugees and asylum seekers and seeks to reveal social, cultural and psychological background of these groups\u2019 interests, perceptions and attitudes. The study findings are examined in 5 main categories in questions about asylum seekers and refugees: 1- Residence permit, 2-Economic impact, 3-Repatriation, 4-Citizenship and 5-Social relationships.<\/p>\n","protected":false},"author":9,"featured_media":2578,"comment_status":"closed","ping_status":"closed","sticky":false,"template":"","format":"standard","meta":{"footnotes":""},"categories":[9],"tags":[],"class_list":["post-2548","post","type-post","status-publish","format-standard","has-post-thumbnail","hentry","category-publications"],"_links":{"self":[{"href":"https:\/\/spectrumhouse.com.tr\/en\/wp-json\/wp\/v2\/posts\/2548","targetHints":{"allow":["GET"]}}],"collection":[{"href":"https:\/\/spectrumhouse.com.tr\/en\/wp-json\/wp\/v2\/posts"}],"about":[{"href":"https:\/\/spectrumhouse.com.tr\/en\/wp-json\/wp\/v2\/types\/post"}],"author":[{"embeddable":true,"href":"https:\/\/spectrumhouse.com.tr\/en\/wp-json\/wp\/v2\/users\/9"}],"replies":[{"embeddable":true,"href":"https:\/\/spectrumhouse.com.tr\/en\/wp-json\/wp\/v2\/comments?post=2548"}],"version-history":[{"count":1,"href":"https:\/\/spectrumhouse.com.tr\/en\/wp-json\/wp\/v2\/posts\/2548\/revisions"}],"predecessor-version":[{"id":3489,"href":"https:\/\/spectrumhouse.com.tr\/en\/wp-json\/wp\/v2\/posts\/2548\/revisions\/3489"}],"wp:featuredmedia":[{"embeddable":true,"href":"https:\/\/spectrumhouse.com.tr\/en\/wp-json\/"}],"wp:attachment":[{"href":"https:\/\/spectrumhouse.com.tr\/en\/wp-json\/wp\/v2\/media?parent=2548"}],"wp:term":[{"taxonomy":"category","embeddable":true,"href":"https:\/\/spectrumhouse.com.tr\/en\/wp-json\/wp\/v2\/categories?post=2548"},{"taxonomy":"post_tag","embeddable":true,"href":"https:\/\/spectrumhouse.com.tr\/en\/wp-json\/wp\/v2\/tags?post=2548"}],"curies":[{"name":"wp","href":"https:\/\/api.w.org\/{rel}","templated":true}]}}